{"id":45,"date":"2011-11-24T13:24:04","date_gmt":"2011-11-24T11:24:04","guid":{"rendered":"http:\/\/blog.laminat-fachmarkt.com\/2011\/11\/tipp-fur-die-kommende-adventszeit-wachs-auf-dem-boden\/"},"modified":"2018-02-26T18:00:42","modified_gmt":"2018-02-26T17:00:42","slug":"tipp-fur-die-kommende-adventszeit-wachs-auf-dem-boden","status":"publish","type":"post","link":"https:\/\/www.laminat-fachmarkt.com\/blog\/2011\/11\/tipp-fur-die-kommende-adventszeit-wachs-auf-dem-boden\/","title":{"rendered":"Tipp f\u00fcr die kommende Adventszeit &#8211; Wachs auf dem Boden"},"content":{"rendered":"<p>Was tun bei <strong>Wachs<\/strong> auf <strong>Laminat-<\/strong> oder Parkett-boden.<\/p>\n<p>Bald ist es wieder soweit, der erste Advent steht vor der T\u00fcr und in vielen Haushalten werden sicher vermehrt Kerzen angez\u00fcndet. Da kann es erfahrungsgem\u00e4\u00df auch schnell passiert sein, dass <strong>Wachs<\/strong> auf den <strong>Laminat<\/strong> oder Parkett Boden tropft.<\/p>\n<p>Bei <strong>Laminat<\/strong> gestaltet sich die Reinigung von solchen <strong>Wachs-Flecken<img loading=\"lazy\" decoding=\"async\" src=\"https:\/\/www.laminat-fachmarkt.com\/blog\/wp-content\/uploads\/2011\/11\/8388210_1_room.jpg\" alt=\"8388210 1 room\" width=\"240\" height=\"299\" align=\"right\" hspace=\"10\" vspace=\"10\" \/><\/strong> unkompliziert. Das geh\u00e4rtete <strong>Wachs<\/strong> einfach mit einem Kunststoffspachtel vorsichtig vom <strong>Laminat<\/strong> entfernen.<\/p>\n<p>Bei Parkett das <strong>Wachs<\/strong> mit einem Pfannenwender oder Ceran-Kochfeld Schaber vorsichtig l\u00f6sen. Noch bestehende Reste k\u00f6nnen mit einem F\u00f6n erw\u00e4rmt werden, den F\u00f6n bitte nicht zu heiss werden lassen (mittlere Stufe) und einen Abstand von ungef\u00e4hr 25cm einhalten. Dann mit einem K\u00fcchenkrepp oder L\u00f6schpapier das <strong>Wachs<\/strong> aufsaugen.<br \/>\nWichtig dabei, bitte nicht reiben, sondern tupfen.<br \/>\nDiesen Vorgang kann man wiederholen, bis der <strong>Fleck<\/strong> vollst\u00e4ndig weg ist.<br \/>\nAnschlie\u00dfend noch einmal mit Lappen und klarem Wasser hinterher wischen.<\/p>\n","protected":false},"excerpt":{"rendered":"<p>Was tun bei Wachs auf Laminat- oder Parkett-boden. Bald ist es wieder soweit, der erste Advent steht vor der T\u00fcr und in vielen Haushalten werden sicher vermehrt Kerzen angez\u00fcndet. Da kann es erfahrungsgem\u00e4\u00df auch schnell passiert sein, dass Wachs auf &hellip; <a href=\"https:\/\/www.laminat-fachmarkt.com\/blog\/2011\/11\/tipp-fur-die-kommende-adventszeit-wachs-auf-dem-boden\/\">Weiterlesen <span class=\"meta-nav\">&rarr;<\/span><\/a><\/p>\n","protected":false},"author":2,"featured_media":0,"comment_status":"open","ping_status":"open","sticky":false,"template":"","format":"standard","meta":{"footnotes":""},"categories":[3],"tags":[15,16,14],"class_list":["post-45","post","type-post","status-publish","format-standard","hentry","category-tipps-tricks","tag-boden","tag-entfernen","tag-wachs"],"yoast_head":"<!-- This site is optimized with the Yoast SEO plugin v25.7 - https:\/\/yoast.com\/wordpress\/plugins\/seo\/ -->\n<title>Tipp f\u00fcr die kommende Adventszeit - Wachs auf dem Laminat\/Parkett-Boden<\/title>\n<meta name=\"description\" content=\"Was tun bei Wachs auf Laminat- oder Parkett-boden. Bei Laminat gestaltet sich die Reinigung von solchen Wachs-Flecken unkompliziert.\" \/>\n<meta name=\"robots\" content=\"index, follow, max-snippet:-1, max-image-preview:large, max-video-preview:-1\" \/>\n<link rel=\"canonical\" href=\"https:\/\/www.laminat-fachmarkt.com\/blog\/2011\/11\/tipp-fur-die-kommende-adventszeit-wachs-auf-dem-boden\/\" \/>\n<meta name=\"twitter:label1\" content=\"Verfasst von\" \/>\n\t<meta name=\"twitter:data1\" content=\"laminat-fachmarkt\" \/>\n\t<meta name=\"twitter:label2\" content=\"Gesch\u00e4tzte Lesezeit\" \/>\n\t<meta name=\"twitter:data2\" content=\"1\u00a0Minute\" \/>\n<script type=\"application\/ld+json\" class=\"yoast-schema-graph\">{\"@context\":\"https:\/\/schema.org\",\"@graph\":[{\"@type\":\"Article\",\"@id\":\"https:\/\/www.laminat-fachmarkt.com\/blog\/2011\/11\/tipp-fur-die-kommende-adventszeit-wachs-auf-dem-boden\/#article\",\"isPartOf\":{\"@id\":\"https:\/\/www.laminat-fachmarkt.com\/blog\/2011\/11\/tipp-fur-die-kommende-adventszeit-wachs-auf-dem-boden\/\"},\"author\":{\"name\":\"laminat-fachmarkt\",\"@id\":\"https:\/\/www.laminat-fachmarkt.com\/blog\/#\/schema\/person\/1f31156d1eaff6d24d0c9b774b62c70c\"},\"headline\":\"Tipp f\u00fcr die kommende Adventszeit &#8211; Wachs auf dem Boden\",\"datePublished\":\"2011-11-24T11:24:04+00:00\",\"dateModified\":\"2018-02-26T17:00:42+00:00\",\"mainEntityOfPage\":{\"@id\":\"https:\/\/www.laminat-fachmarkt.com\/blog\/2011\/11\/tipp-fur-die-kommende-adventszeit-wachs-auf-dem-boden\/\"},\"wordCount\":166,\"commentCount\":3,\"publisher\":{\"@id\":\"https:\/\/www.laminat-fachmarkt.com\/blog\/#organization\"},\"image\":{\"@id\":\"https:\/\/www.laminat-fachmarkt.com\/blog\/2011\/11\/tipp-fur-die-kommende-adventszeit-wachs-auf-dem-boden\/#primaryimage\"},\"thumbnailUrl\":\"https:\/\/www.laminat-fachmarkt.com\/blog\/wp-content\/uploads\/2011\/11\/8388210_1_room.jpg\",\"keywords\":[\"Boden\",\"entfernen\",\"Wachs\"],\"articleSection\":[\"Tipps &amp; Tricks\"],\"inLanguage\":\"de\",\"potentialAction\":[{\"@type\":\"CommentAction\",\"name\":\"Comment\",\"target\":[\"https:\/\/www.laminat-fachmarkt.com\/blog\/2011\/11\/tipp-fur-die-kommende-adventszeit-wachs-auf-dem-boden\/#respond\"]}]},{\"@type\":\"WebPage\",\"@id\":\"https:\/\/www.laminat-fachmarkt.com\/blog\/2011\/11\/tipp-fur-die-kommende-adventszeit-wachs-auf-dem-boden\/\",\"url\":\"https:\/\/www.laminat-fachmarkt.com\/blog\/2011\/11\/tipp-fur-die-kommende-adventszeit-wachs-auf-dem-boden\/\",\"name\":\"Tipp f\u00fcr die kommende Adventszeit - Wachs auf dem Laminat\/Parkett-Boden\",\"isPartOf\":{\"@id\":\"https:\/\/www.laminat-fachmarkt.com\/blog\/#website\"},\"primaryImageOfPage\":{\"@id\":\"https:\/\/www.laminat-fachmarkt.com\/blog\/2011\/11\/tipp-fur-die-kommende-adventszeit-wachs-auf-dem-boden\/#primaryimage\"},\"image\":{\"@id\":\"https:\/\/www.laminat-fachmarkt.com\/blog\/2011\/11\/tipp-fur-die-kommende-adventszeit-wachs-auf-dem-boden\/#primaryimage\"},\"thumbnailUrl\":\"https:\/\/www.laminat-fachmarkt.com\/blog\/wp-content\/uploads\/2011\/11\/8388210_1_room.jpg\",\"datePublished\":\"2011-11-24T11:24:04+00:00\",\"dateModified\":\"2018-02-26T17:00:42+00:00\",\"description\":\"Was tun bei Wachs auf Laminat- oder Parkett-boden. Bei Laminat gestaltet sich die Reinigung von solchen Wachs-Flecken unkompliziert.\",\"breadcrumb\":{\"@id\":\"https:\/\/www.laminat-fachmarkt.com\/blog\/2011\/11\/tipp-fur-die-kommende-adventszeit-wachs-auf-dem-boden\/#breadcrumb\"},\"inLanguage\":\"de\",\"potentialAction\":[{\"@type\":\"ReadAction\",\"target\":[\"https:\/\/www.laminat-fachmarkt.com\/blog\/2011\/11\/tipp-fur-die-kommende-adventszeit-wachs-auf-dem-boden\/\"]}]},{\"@type\":\"ImageObject\",\"inLanguage\":\"de\",\"@id\":\"https:\/\/www.laminat-fachmarkt.com\/blog\/2011\/11\/tipp-fur-die-kommende-adventszeit-wachs-auf-dem-boden\/#primaryimage\",\"url\":\"https:\/\/www.laminat-fachmarkt.com\/blog\/wp-content\/uploads\/2011\/11\/8388210_1_room.jpg\",\"contentUrl\":\"https:\/\/www.laminat-fachmarkt.com\/blog\/wp-content\/uploads\/2011\/11\/8388210_1_room.jpg\",\"width\":\"240\",\"height\":\"299\"},{\"@type\":\"BreadcrumbList\",\"@id\":\"https:\/\/www.laminat-fachmarkt.com\/blog\/2011\/11\/tipp-fur-die-kommende-adventszeit-wachs-auf-dem-boden\/#breadcrumb\",\"itemListElement\":[{\"@type\":\"ListItem\",\"position\":1,\"name\":\"Startseite\",\"item\":\"https:\/\/www.laminat-fachmarkt.com\/blog\/\"},{\"@type\":\"ListItem\",\"position\":2,\"name\":\"Tipp f\u00fcr die kommende Adventszeit &#8211; Wachs auf dem Boden\"}]},{\"@type\":\"WebSite\",\"@id\":\"https:\/\/www.laminat-fachmarkt.com\/blog\/#website\",\"url\":\"https:\/\/www.laminat-fachmarkt.com\/blog\/\",\"name\":\"Der Blog rund um Boden und Renovierung\",\"description\":\"von Laminat-Fachmarkt.com\",\"publisher\":{\"@id\":\"https:\/\/www.laminat-fachmarkt.com\/blog\/#organization\"},\"potentialAction\":[{\"@type\":\"SearchAction\",\"target\":{\"@type\":\"EntryPoint\",\"urlTemplate\":\"https:\/\/www.laminat-fachmarkt.com\/blog\/?s={search_term_string}\"},\"query-input\":{\"@type\":\"PropertyValueSpecification\",\"valueRequired\":true,\"valueName\":\"search_term_string\"}}],\"inLanguage\":\"de\"},{\"@type\":\"Organization\",\"@id\":\"https:\/\/www.laminat-fachmarkt.com\/blog\/#organization\",\"name\":\"Laminat-Fachmarkt\",\"url\":\"https:\/\/www.laminat-fachmarkt.com\/blog\/\",\"logo\":{\"@type\":\"ImageObject\",\"inLanguage\":\"de\",\"@id\":\"https:\/\/www.laminat-fachmarkt.com\/blog\/#\/schema\/logo\/image\/\",\"url\":\"https:\/\/www.laminat-fachmarkt.com\/blog\/wp-content\/uploads\/2013\/09\/cropped-Logo_Laminat-Fachmarkt1.jpg\",\"contentUrl\":\"https:\/\/www.laminat-fachmarkt.com\/blog\/wp-content\/uploads\/2013\/09\/cropped-Logo_Laminat-Fachmarkt1.jpg\",\"width\":940,\"height\":192,\"caption\":\"Laminat-Fachmarkt\"},\"image\":{\"@id\":\"https:\/\/www.laminat-fachmarkt.com\/blog\/#\/schema\/logo\/image\/\"},\"sameAs\":[\"https:\/\/www.facebook.com\/Laminat-Fachmarkt-272116766287950\"]},{\"@type\":\"Person\",\"@id\":\"https:\/\/www.laminat-fachmarkt.com\/blog\/#\/schema\/person\/1f31156d1eaff6d24d0c9b774b62c70c\",\"name\":\"laminat-fachmarkt\",\"image\":{\"@type\":\"ImageObject\",\"inLanguage\":\"de\",\"@id\":\"https:\/\/www.laminat-fachmarkt.com\/blog\/#\/schema\/person\/image\/\",\"url\":\"https:\/\/secure.gravatar.com\/avatar\/4fee919ef46091cd3da919f9591dbffd60ebd46f3a47c90b0d64a6d0357de52e?s=96&d=mm&r=g\",\"contentUrl\":\"https:\/\/secure.gravatar.com\/avatar\/4fee919ef46091cd3da919f9591dbffd60ebd46f3a47c90b0d64a6d0357de52e?s=96&d=mm&r=g\",\"caption\":\"laminat-fachmarkt\"},\"sameAs\":[\"https:\/\/x.com\/derlaminatprofi\"]}]}<\/script>\n<!-- \/ Yoast SEO plugin. -->","yoast_head_json":{"title":"Tipp f\u00fcr die kommende Adventszeit - Wachs auf dem Laminat\/Parkett-Boden","description":"Was tun bei Wachs auf Laminat- oder Parkett-boden. Bei Laminat gestaltet sich die Reinigung von solchen Wachs-Flecken unkompliziert.","robots":{"index":"index","follow":"follow","max-snippet":"max-snippet:-1","max-image-preview":"max-image-preview:large","max-video-preview":"max-video-preview:-1"},"canonical":"https:\/\/www.laminat-fachmarkt.com\/blog\/2011\/11\/tipp-fur-die-kommende-adventszeit-wachs-auf-dem-boden\/","twitter_misc":{"Verfasst von":"laminat-fachmarkt","Gesch\u00e4tzte Lesezeit":"1\u00a0Minute"},"schema":{"@context":"https:\/\/schema.org","@graph":[{"@type":"Article","@id":"https:\/\/www.laminat-fachmarkt.com\/blog\/2011\/11\/tipp-fur-die-kommende-adventszeit-wachs-auf-dem-boden\/#article","isPartOf":{"@id":"https:\/\/www.laminat-fachmarkt.com\/blog\/2011\/11\/tipp-fur-die-kommende-adventszeit-wachs-auf-dem-boden\/"},"author":{"name":"laminat-fachmarkt","@id":"https:\/\/www.laminat-fachmarkt.com\/blog\/#\/schema\/person\/1f31156d1eaff6d24d0c9b774b62c70c"},"headline":"Tipp f\u00fcr die kommende Adventszeit &#8211; Wachs auf dem Boden","datePublished":"2011-11-24T11:24:04+00:00","dateModified":"2018-02-26T17:00:42+00:00","mainEntityOfPage":{"@id":"https:\/\/www.laminat-fachmarkt.com\/blog\/2011\/11\/tipp-fur-die-kommende-adventszeit-wachs-auf-dem-boden\/"},"wordCount":166,"commentCount":3,"publisher":{"@id":"https:\/\/www.laminat-fachmarkt.com\/blog\/#organization"},"image":{"@id":"https:\/\/www.laminat-fachmarkt.com\/blog\/2011\/11\/tipp-fur-die-kommende-adventszeit-wachs-auf-dem-boden\/#primaryimage"},"thumbnailUrl":"https:\/\/www.laminat-fachmarkt.com\/blog\/wp-content\/uploads\/2011\/11\/8388210_1_room.jpg","keywords":["Boden","entfernen","Wachs"],"articleSection":["Tipps &amp; Tricks"],"inLanguage":"de","potentialAction":[{"@type":"CommentAction","name":"Comment","target":["https:\/\/www.laminat-fachmarkt.com\/blog\/2011\/11\/tipp-fur-die-kommende-adventszeit-wachs-auf-dem-boden\/#respond"]}]},{"@type":"WebPage","@id":"https:\/\/www.laminat-fachmarkt.com\/blog\/2011\/11\/tipp-fur-die-kommende-adventszeit-wachs-auf-dem-boden\/","url":"https:\/\/www.laminat-fachmarkt.com\/blog\/2011\/11\/tipp-fur-die-kommende-adventszeit-wachs-auf-dem-boden\/","name":"Tipp f\u00fcr die kommende Adventszeit - Wachs auf dem Laminat\/Parkett-Boden","isPartOf":{"@id":"https:\/\/www.laminat-fachmarkt.com\/blog\/#website"},"primaryImageOfPage":{"@id":"https:\/\/www.laminat-fachmarkt.com\/blog\/2011\/11\/tipp-fur-die-kommende-adventszeit-wachs-auf-dem-boden\/#primaryimage"},"image":{"@id":"https:\/\/www.laminat-fachmarkt.com\/blog\/2011\/11\/tipp-fur-die-kommende-adventszeit-wachs-auf-dem-boden\/#primaryimage"},"thumbnailUrl":"https:\/\/www.laminat-fachmarkt.com\/blog\/wp-content\/uploads\/2011\/11\/8388210_1_room.jpg","datePublished":"2011-11-24T11:24:04+00:00","dateModified":"2018-02-26T17:00:42+00:00","description":"Was tun bei Wachs auf Laminat- oder Parkett-boden. Bei Laminat gestaltet sich die Reinigung von solchen Wachs-Flecken unkompliziert.","breadcrumb":{"@id":"https:\/\/www.laminat-fachmarkt.com\/blog\/2011\/11\/tipp-fur-die-kommende-adventszeit-wachs-auf-dem-boden\/#breadcrumb"},"inLanguage":"de","potentialAction":[{"@type":"ReadAction","target":["https:\/\/www.laminat-fachmarkt.com\/blog\/2011\/11\/tipp-fur-die-kommende-adventszeit-wachs-auf-dem-boden\/"]}]},{"@type":"ImageObject","inLanguage":"de","@id":"https:\/\/www.laminat-fachmarkt.com\/blog\/2011\/11\/tipp-fur-die-kommende-adventszeit-wachs-auf-dem-boden\/#primaryimage","url":"https:\/\/www.laminat-fachmarkt.com\/blog\/wp-content\/uploads\/2011\/11\/8388210_1_room.jpg","contentUrl":"https:\/\/www.laminat-fachmarkt.com\/blog\/wp-content\/uploads\/2011\/11\/8388210_1_room.jpg","width":"240","height":"299"},{"@type":"BreadcrumbList","@id":"https:\/\/www.laminat-fachmarkt.com\/blog\/2011\/11\/tipp-fur-die-kommende-adventszeit-wachs-auf-dem-boden\/#breadcrumb","itemListElement":[{"@type":"ListItem","position":1,"name":"Startseite","item":"https:\/\/www.laminat-fachmarkt.com\/blog\/"},{"@type":"ListItem","position":2,"name":"Tipp f\u00fcr die kommende Adventszeit &#8211; Wachs auf dem Boden"}]},{"@type":"WebSite","@id":"https:\/\/www.laminat-fachmarkt.com\/blog\/#website","url":"https:\/\/www.laminat-fachmarkt.com\/blog\/","name":"Der Blog rund um Boden und Renovierung","description":"von Laminat-Fachmarkt.com","publisher":{"@id":"https:\/\/www.laminat-fachmarkt.com\/blog\/#organization"},"potentialAction":[{"@type":"SearchAction","target":{"@type":"EntryPoint","urlTemplate":"https:\/\/www.laminat-fachmarkt.com\/blog\/?s={search_term_string}"},"query-input":{"@type":"PropertyValueSpecification","valueRequired":true,"valueName":"search_term_string"}}],"inLanguage":"de"},{"@type":"Organization","@id":"https:\/\/www.laminat-fachmarkt.com\/blog\/#organization","name":"Laminat-Fachmarkt","url":"https:\/\/www.laminat-fachmarkt.com\/blog\/","logo":{"@type":"ImageObject","inLanguage":"de","@id":"https:\/\/www.laminat-fachmarkt.com\/blog\/#\/schema\/logo\/image\/","url":"https:\/\/www.laminat-fachmarkt.com\/blog\/wp-content\/uploads\/2013\/09\/cropped-Logo_Laminat-Fachmarkt1.jpg","contentUrl":"https:\/\/www.laminat-fachmarkt.com\/blog\/wp-content\/uploads\/2013\/09\/cropped-Logo_Laminat-Fachmarkt1.jpg","width":940,"height":192,"caption":"Laminat-Fachmarkt"},"image":{"@id":"https:\/\/www.laminat-fachmarkt.com\/blog\/#\/schema\/logo\/image\/"},"sameAs":["https:\/\/www.facebook.com\/Laminat-Fachmarkt-272116766287950"]},{"@type":"Person","@id":"https:\/\/www.laminat-fachmarkt.com\/blog\/#\/schema\/person\/1f31156d1eaff6d24d0c9b774b62c70c","name":"laminat-fachmarkt","image":{"@type":"ImageObject","inLanguage":"de","@id":"https:\/\/www.laminat-fachmarkt.com\/blog\/#\/schema\/person\/image\/","url":"https:\/\/secure.gravatar.com\/avatar\/4fee919ef46091cd3da919f9591dbffd60ebd46f3a47c90b0d64a6d0357de52e?s=96&d=mm&r=g","contentUrl":"https:\/\/secure.gravatar.com\/avatar\/4fee919ef46091cd3da919f9591dbffd60ebd46f3a47c90b0d64a6d0357de52e?s=96&d=mm&r=g","caption":"laminat-fachmarkt"},"sameAs":["https:\/\/x.com\/derlaminatprofi"]}]}},"_links":{"self":[{"href":"https:\/\/www.laminat-fachmarkt.com\/blog\/wp-json\/wp\/v2\/posts\/45","targetHints":{"allow":["GET"]}}],"collection":[{"href":"https:\/\/www.laminat-fachmarkt.com\/blog\/wp-json\/wp\/v2\/posts"}],"about":[{"href":"https:\/\/www.laminat-fachmarkt.com\/blog\/wp-json\/wp\/v2\/types\/post"}],"author":[{"embeddable":true,"href":"https:\/\/www.laminat-fachmarkt.com\/blog\/wp-json\/wp\/v2\/users\/2"}],"replies":[{"embeddable":true,"href":"https:\/\/www.laminat-fachmarkt.com\/blog\/wp-json\/wp\/v2\/comments?post=45"}],"version-history":[{"count":9,"href":"https:\/\/www.laminat-fachmarkt.com\/blog\/wp-json\/wp\/v2\/posts\/45\/revisions"}],"predecessor-version":[{"id":249,"href":"https:\/\/www.laminat-fachmarkt.com\/blog\/wp-json\/wp\/v2\/posts\/45\/revisions\/249"}],"wp:attachment":[{"href":"https:\/\/www.laminat-fachmarkt.com\/blog\/wp-json\/wp\/v2\/media?parent=45"}],"wp:term":[{"taxonomy":"category","embeddable":true,"href":"https:\/\/www.laminat-fachmarkt.com\/blog\/wp-json\/wp\/v2\/categories?post=45"},{"taxonomy":"post_tag","embeddable":true,"href":"https:\/\/www.laminat-fachmarkt.com\/blog\/wp-json\/wp\/v2\/tags?post=45"}],"curies":[{"name":"wp","href":"https:\/\/api.w.org\/{rel}","templated":true}]}}