{"id":333,"date":"2025-08-13T10:51:04","date_gmt":"2025-08-13T08:51:04","guid":{"rendered":"https:\/\/www.laminat-fachmarkt.com\/blog\/?p=333"},"modified":"2025-08-13T10:52:14","modified_gmt":"2025-08-13T08:52:14","slug":"abschied-vom-shop-aber-nicht-vom-miteinander","status":"publish","type":"post","link":"https:\/\/www.laminat-fachmarkt.com\/blog\/2025\/08\/abschied-vom-shop-aber-nicht-vom-miteinander\/","title":{"rendered":"Abschied vom Shop \u2013 aber nicht vom Miteinander"},"content":{"rendered":"\n<p>Liebe Leserinnen und Leser,<\/p>\n\n\n\n<p>jeder kennt diesen Moment: Manchmal endet eine gute \u00c4ra \u2013 und zugleich beginnt etwas Neues. So ist es auch bei <strong>Laminat-Fachmarkt.com<\/strong>. Mehr als 14 Jahre habe ich hier mit viel Leidenschaft, Tipps, Trends und Fachwissen rund um Laminat und Bodenbel\u00e4ge geteilt \u2013 mit euch, f\u00fcr euch. Aber nun ist es an der Zeit, das Kapitel <strong>Onlineshop<\/strong> zu schlie\u00dfen.<\/p>\n\n\n\n<h3 class=\"wp-block-heading\"><strong>Warum dieser Schritt?<\/strong><\/h3>\n\n\n\n<p>Ganz ehrlich: Der Shop war lange mein Herzensprojekt. Doch nun hat sich gezeigt: Ich m\u00f6chte mich auf das fokussieren, was f\u00fcr mich gerade mehr Sinn macht. Nicht, weil alles kriselt, sondern weil der Fokus sich ver\u00e4ndern darf. Der Blog bleibt \u2013 gern noch weiter voll bepackt mit Bodenstories, Tipps und Know-how. Euer Zugang zu all dem, was rund um Renovierung, Laminatplanung und Verlegung wichtig ist, bleibt bestehen. Der Shop war nur eine Facette \u2013 und die l\u00f6st sich jetzt auf, um Platz f\u00fcr was Anderes zu machen.<\/p>\n\n\n\n<h3 class=\"wp-block-heading\"><strong>Was bedeutet das f\u00fcr euch?<\/strong><\/h3>\n\n\n\n<ul class=\"wp-block-list\">\n<li>Der Shop ist <strong>ab sofort offline<\/strong> \u2013 ihr werdet nicht mehr einkaufen oder st\u00f6bern k\u00f6nnen.<br><\/li>\n\n\n\n<li>Aber: <strong>Der Blog bleibt<\/strong> \u2013 weiterhin erreichbar mit Ideen, Ratgebern und Inspirationen.<br><\/li>\n\n\n\n<li>Alle laufenden Bestellungen werden selbstverst\u00e4ndlich abgeschlossen.<br><\/li>\n<\/ul>\n\n\n\n<h3 class=\"wp-block-heading\"><strong>Ein kleines Zeichen: Ich bin nicht weg!<\/strong><\/h3>\n\n\n\n<p>Ich w\u00fcrde mich freuen, wenn ihr mir auch au\u00dferhalb von Boden &amp; Schrauben folgt. Ich starte gerade einen neuen Weg als <strong>Virtueller Assistent<\/strong> \u2013 tatkr\u00e4ftig, klar, effizient.<\/p>\n\n\n\n<p>Wenn du interessiert bist oder jemanden kennst, der Unterst\u00fctzung im Backoffice, der Organisation oder der Projektplanung braucht \u2013 schau gern vorbei: <a href=\"https:\/\/www.vabachmann.de\" target=\"_blank\" rel=\"noreferrer noopener\"><strong>vabachmann.de<\/strong><\/a> Vielleicht ist das ja etwas f\u00fcr dich \u2013 und falls nicht, freue ich mich trotzdem, wenn wir in Kontakt bleiben.<\/p>\n\n\n\n<hr class=\"wp-block-separator has-alpha-channel-opacity\"\/>\n\n\n\n<p><strong>Danke<\/strong> \u2013 f\u00fcr euer Vertrauen, eure Kommentare, eure Treue. Auch wenn der Shop weg ist, der Boden bleibt \u2013 beruflich, wie pers\u00f6nlich. Ich freue mich auf alles, was kommt: neue Projekte, neue Bekanntschaften, neue Geschichten.<\/p>\n\n\n\n<p>Macht\u2019s gut \u2013 und vielleicht kreuzen sich unsere Wege ja wieder \ud83d\ude42<br><br>Herzliche Gr\u00fc\u00dfe<br>Euer Lars Bachmann<\/p>\n","protected":false},"excerpt":{"rendered":"<p>Liebe Leserinnen und Leser, jeder kennt diesen Moment: Manchmal endet eine gute \u00c4ra \u2013 und zugleich beginnt etwas Neues. So ist es auch bei Laminat-Fachmarkt.com. Mehr als 14 Jahre habe ich hier mit viel Leidenschaft, Tipps, Trends und Fachwissen rund &hellip; <a href=\"https:\/\/www.laminat-fachmarkt.com\/blog\/2025\/08\/abschied-vom-shop-aber-nicht-vom-miteinander\/\">Weiterlesen <span class=\"meta-nav\">&rarr;<\/span><\/a><\/p>\n","protected":false},"author":1,"featured_media":0,"comment_status":"open","ping_status":"open","sticky":false,"template":"","format":"standard","meta":{"footnotes":""},"categories":[1],"tags":[],"class_list":["post-333","post","type-post","status-publish","format-standard","hentry","category-allgemein"],"yoast_head":"<!-- This site is optimized with the Yoast SEO plugin v25.7 - https:\/\/yoast.com\/wordpress\/plugins\/seo\/ -->\n<title>Abschied vom Shop \u2013 aber nicht vom Miteinander &#8211; Der Blog rund um Boden und Renovierung<\/title>\n<meta name=\"description\" content=\"Liebe Leserinnen und Leser, jeder kennt diesen Moment: Manchmal endet eine gute \u00c4ra \u2013 und zugleich beginnt etwas Neues. So ist es auch bei\" \/>\n<meta name=\"robots\" content=\"index, follow, max-snippet:-1, max-image-preview:large, max-video-preview:-1\" \/>\n<link rel=\"canonical\" href=\"https:\/\/www.laminat-fachmarkt.com\/blog\/2025\/08\/abschied-vom-shop-aber-nicht-vom-miteinander\/\" \/>\n<meta name=\"twitter:label1\" content=\"Verfasst von\" \/>\n\t<meta name=\"twitter:data1\" content=\"Lars\" \/>\n\t<meta name=\"twitter:label2\" content=\"Gesch\u00e4tzte Lesezeit\" \/>\n\t<meta name=\"twitter:data2\" content=\"2\u00a0Minuten\" \/>\n<script type=\"application\/ld+json\" class=\"yoast-schema-graph\">{\"@context\":\"https:\/\/schema.org\",\"@graph\":[{\"@type\":[\"Article\",\"BlogPosting\"],\"@id\":\"https:\/\/www.laminat-fachmarkt.com\/blog\/2025\/08\/abschied-vom-shop-aber-nicht-vom-miteinander\/#article\",\"isPartOf\":{\"@id\":\"https:\/\/www.laminat-fachmarkt.com\/blog\/2025\/08\/abschied-vom-shop-aber-nicht-vom-miteinander\/\"},\"author\":{\"name\":\"Lars\",\"@id\":\"https:\/\/www.laminat-fachmarkt.com\/blog\/#\/schema\/person\/cde4ba2f1635f9c940ac3d60e7b2a684\"},\"headline\":\"Abschied vom Shop \u2013 aber nicht vom Miteinander\",\"datePublished\":\"2025-08-13T08:51:04+00:00\",\"dateModified\":\"2025-08-13T08:52:14+00:00\",\"mainEntityOfPage\":{\"@id\":\"https:\/\/www.laminat-fachmarkt.com\/blog\/2025\/08\/abschied-vom-shop-aber-nicht-vom-miteinander\/\"},\"wordCount\":334,\"commentCount\":0,\"publisher\":{\"@id\":\"https:\/\/www.laminat-fachmarkt.com\/blog\/#organization\"},\"inLanguage\":\"de\",\"potentialAction\":[{\"@type\":\"CommentAction\",\"name\":\"Comment\",\"target\":[\"https:\/\/www.laminat-fachmarkt.com\/blog\/2025\/08\/abschied-vom-shop-aber-nicht-vom-miteinander\/#respond\"]}]},{\"@type\":\"WebPage\",\"@id\":\"https:\/\/www.laminat-fachmarkt.com\/blog\/2025\/08\/abschied-vom-shop-aber-nicht-vom-miteinander\/\",\"url\":\"https:\/\/www.laminat-fachmarkt.com\/blog\/2025\/08\/abschied-vom-shop-aber-nicht-vom-miteinander\/\",\"name\":\"Abschied vom Shop \u2013 aber nicht vom Miteinander &#8211; Der Blog rund um Boden und Renovierung\",\"isPartOf\":{\"@id\":\"https:\/\/www.laminat-fachmarkt.com\/blog\/#website\"},\"datePublished\":\"2025-08-13T08:51:04+00:00\",\"dateModified\":\"2025-08-13T08:52:14+00:00\",\"description\":\"Liebe Leserinnen und Leser, jeder kennt diesen Moment: Manchmal endet eine gute \u00c4ra \u2013 und zugleich beginnt etwas Neues. So ist es auch bei\",\"breadcrumb\":{\"@id\":\"https:\/\/www.laminat-fachmarkt.com\/blog\/2025\/08\/abschied-vom-shop-aber-nicht-vom-miteinander\/#breadcrumb\"},\"inLanguage\":\"de\",\"potentialAction\":[{\"@type\":\"ReadAction\",\"target\":[\"https:\/\/www.laminat-fachmarkt.com\/blog\/2025\/08\/abschied-vom-shop-aber-nicht-vom-miteinander\/\"]}]},{\"@type\":\"BreadcrumbList\",\"@id\":\"https:\/\/www.laminat-fachmarkt.com\/blog\/2025\/08\/abschied-vom-shop-aber-nicht-vom-miteinander\/#breadcrumb\",\"itemListElement\":[{\"@type\":\"ListItem\",\"position\":1,\"name\":\"Startseite\",\"item\":\"https:\/\/www.laminat-fachmarkt.com\/blog\/\"},{\"@type\":\"ListItem\",\"position\":2,\"name\":\"Abschied vom Shop \u2013 aber nicht vom Miteinander\"}]},{\"@type\":\"WebSite\",\"@id\":\"https:\/\/www.laminat-fachmarkt.com\/blog\/#website\",\"url\":\"https:\/\/www.laminat-fachmarkt.com\/blog\/\",\"name\":\"Der Blog rund um Boden und Renovierung\",\"description\":\"von Laminat-Fachmarkt.com\",\"publisher\":{\"@id\":\"https:\/\/www.laminat-fachmarkt.com\/blog\/#organization\"},\"potentialAction\":[{\"@type\":\"SearchAction\",\"target\":{\"@type\":\"EntryPoint\",\"urlTemplate\":\"https:\/\/www.laminat-fachmarkt.com\/blog\/?s={search_term_string}\"},\"query-input\":{\"@type\":\"PropertyValueSpecification\",\"valueRequired\":true,\"valueName\":\"search_term_string\"}}],\"inLanguage\":\"de\"},{\"@type\":\"Organization\",\"@id\":\"https:\/\/www.laminat-fachmarkt.com\/blog\/#organization\",\"name\":\"Laminat-Fachmarkt\",\"url\":\"https:\/\/www.laminat-fachmarkt.com\/blog\/\",\"logo\":{\"@type\":\"ImageObject\",\"inLanguage\":\"de\",\"@id\":\"https:\/\/www.laminat-fachmarkt.com\/blog\/#\/schema\/logo\/image\/\",\"url\":\"https:\/\/www.laminat-fachmarkt.com\/blog\/wp-content\/uploads\/2013\/09\/cropped-Logo_Laminat-Fachmarkt1.jpg\",\"contentUrl\":\"https:\/\/www.laminat-fachmarkt.com\/blog\/wp-content\/uploads\/2013\/09\/cropped-Logo_Laminat-Fachmarkt1.jpg\",\"width\":940,\"height\":192,\"caption\":\"Laminat-Fachmarkt\"},\"image\":{\"@id\":\"https:\/\/www.laminat-fachmarkt.com\/blog\/#\/schema\/logo\/image\/\"},\"sameAs\":[\"https:\/\/www.facebook.com\/Laminat-Fachmarkt-272116766287950\"]},{\"@type\":\"Person\",\"@id\":\"https:\/\/www.laminat-fachmarkt.com\/blog\/#\/schema\/person\/cde4ba2f1635f9c940ac3d60e7b2a684\",\"name\":\"Lars\",\"image\":{\"@type\":\"ImageObject\",\"inLanguage\":\"de\",\"@id\":\"https:\/\/www.laminat-fachmarkt.com\/blog\/#\/schema\/person\/image\/\",\"url\":\"https:\/\/secure.gravatar.com\/avatar\/e282eb46a3564a74d804315ab53da055ecad9b81dae00ab0cc9e0c7a59764c1e?s=96&d=mm&r=g\",\"contentUrl\":\"https:\/\/secure.gravatar.com\/avatar\/e282eb46a3564a74d804315ab53da055ecad9b81dae00ab0cc9e0c7a59764c1e?s=96&d=mm&r=g\",\"caption\":\"Lars\"},\"sameAs\":[\"https:\/\/www.laminat-fachmarkt.com\/\",\"https:\/\/www.facebook.com\/pages\/Laminat-Fachmarkt\/272116766287950\",\"https:\/\/x.com\/derlaminatprofi\"]}]}<\/script>\n<!-- \/ Yoast SEO plugin. -->","yoast_head_json":{"title":"Abschied vom Shop \u2013 aber nicht vom Miteinander &#8211; Der Blog rund um Boden und Renovierung","description":"Liebe Leserinnen und Leser, jeder kennt diesen Moment: Manchmal endet eine gute \u00c4ra \u2013 und zugleich beginnt etwas Neues. So ist es auch bei","robots":{"index":"index","follow":"follow","max-snippet":"max-snippet:-1","max-image-preview":"max-image-preview:large","max-video-preview":"max-video-preview:-1"},"canonical":"https:\/\/www.laminat-fachmarkt.com\/blog\/2025\/08\/abschied-vom-shop-aber-nicht-vom-miteinander\/","twitter_misc":{"Verfasst von":"Lars","Gesch\u00e4tzte Lesezeit":"2\u00a0Minuten"},"schema":{"@context":"https:\/\/schema.org","@graph":[{"@type":["Article","BlogPosting"],"@id":"https:\/\/www.laminat-fachmarkt.com\/blog\/2025\/08\/abschied-vom-shop-aber-nicht-vom-miteinander\/#article","isPartOf":{"@id":"https:\/\/www.laminat-fachmarkt.com\/blog\/2025\/08\/abschied-vom-shop-aber-nicht-vom-miteinander\/"},"author":{"name":"Lars","@id":"https:\/\/www.laminat-fachmarkt.com\/blog\/#\/schema\/person\/cde4ba2f1635f9c940ac3d60e7b2a684"},"headline":"Abschied vom Shop \u2013 aber nicht vom Miteinander","datePublished":"2025-08-13T08:51:04+00:00","dateModified":"2025-08-13T08:52:14+00:00","mainEntityOfPage":{"@id":"https:\/\/www.laminat-fachmarkt.com\/blog\/2025\/08\/abschied-vom-shop-aber-nicht-vom-miteinander\/"},"wordCount":334,"commentCount":0,"publisher":{"@id":"https:\/\/www.laminat-fachmarkt.com\/blog\/#organization"},"inLanguage":"de","potentialAction":[{"@type":"CommentAction","name":"Comment","target":["https:\/\/www.laminat-fachmarkt.com\/blog\/2025\/08\/abschied-vom-shop-aber-nicht-vom-miteinander\/#respond"]}]},{"@type":"WebPage","@id":"https:\/\/www.laminat-fachmarkt.com\/blog\/2025\/08\/abschied-vom-shop-aber-nicht-vom-miteinander\/","url":"https:\/\/www.laminat-fachmarkt.com\/blog\/2025\/08\/abschied-vom-shop-aber-nicht-vom-miteinander\/","name":"Abschied vom Shop \u2013 aber nicht vom Miteinander &#8211; Der Blog rund um Boden und Renovierung","isPartOf":{"@id":"https:\/\/www.laminat-fachmarkt.com\/blog\/#website"},"datePublished":"2025-08-13T08:51:04+00:00","dateModified":"2025-08-13T08:52:14+00:00","description":"Liebe Leserinnen und Leser, jeder kennt diesen Moment: Manchmal endet eine gute \u00c4ra \u2013 und zugleich beginnt etwas Neues. So ist es auch bei","breadcrumb":{"@id":"https:\/\/www.laminat-fachmarkt.com\/blog\/2025\/08\/abschied-vom-shop-aber-nicht-vom-miteinander\/#breadcrumb"},"inLanguage":"de","potentialAction":[{"@type":"ReadAction","target":["https:\/\/www.laminat-fachmarkt.com\/blog\/2025\/08\/abschied-vom-shop-aber-nicht-vom-miteinander\/"]}]},{"@type":"BreadcrumbList","@id":"https:\/\/www.laminat-fachmarkt.com\/blog\/2025\/08\/abschied-vom-shop-aber-nicht-vom-miteinander\/#breadcrumb","itemListElement":[{"@type":"ListItem","position":1,"name":"Startseite","item":"https:\/\/www.laminat-fachmarkt.com\/blog\/"},{"@type":"ListItem","position":2,"name":"Abschied vom Shop \u2013 aber nicht vom Miteinander"}]},{"@type":"WebSite","@id":"https:\/\/www.laminat-fachmarkt.com\/blog\/#website","url":"https:\/\/www.laminat-fachmarkt.com\/blog\/","name":"Der Blog rund um Boden und Renovierung","description":"von Laminat-Fachmarkt.com","publisher":{"@id":"https:\/\/www.laminat-fachmarkt.com\/blog\/#organization"},"potentialAction":[{"@type":"SearchAction","target":{"@type":"EntryPoint","urlTemplate":"https:\/\/www.laminat-fachmarkt.com\/blog\/?s={search_term_string}"},"query-input":{"@type":"PropertyValueSpecification","valueRequired":true,"valueName":"search_term_string"}}],"inLanguage":"de"},{"@type":"Organization","@id":"https:\/\/www.laminat-fachmarkt.com\/blog\/#organization","name":"Laminat-Fachmarkt","url":"https:\/\/www.laminat-fachmarkt.com\/blog\/","logo":{"@type":"ImageObject","inLanguage":"de","@id":"https:\/\/www.laminat-fachmarkt.com\/blog\/#\/schema\/logo\/image\/","url":"https:\/\/www.laminat-fachmarkt.com\/blog\/wp-content\/uploads\/2013\/09\/cropped-Logo_Laminat-Fachmarkt1.jpg","contentUrl":"https:\/\/www.laminat-fachmarkt.com\/blog\/wp-content\/uploads\/2013\/09\/cropped-Logo_Laminat-Fachmarkt1.jpg","width":940,"height":192,"caption":"Laminat-Fachmarkt"},"image":{"@id":"https:\/\/www.laminat-fachmarkt.com\/blog\/#\/schema\/logo\/image\/"},"sameAs":["https:\/\/www.facebook.com\/Laminat-Fachmarkt-272116766287950"]},{"@type":"Person","@id":"https:\/\/www.laminat-fachmarkt.com\/blog\/#\/schema\/person\/cde4ba2f1635f9c940ac3d60e7b2a684","name":"Lars","image":{"@type":"ImageObject","inLanguage":"de","@id":"https:\/\/www.laminat-fachmarkt.com\/blog\/#\/schema\/person\/image\/","url":"https:\/\/secure.gravatar.com\/avatar\/e282eb46a3564a74d804315ab53da055ecad9b81dae00ab0cc9e0c7a59764c1e?s=96&d=mm&r=g","contentUrl":"https:\/\/secure.gravatar.com\/avatar\/e282eb46a3564a74d804315ab53da055ecad9b81dae00ab0cc9e0c7a59764c1e?s=96&d=mm&r=g","caption":"Lars"},"sameAs":["https:\/\/www.laminat-fachmarkt.com\/","https:\/\/www.facebook.com\/pages\/Laminat-Fachmarkt\/272116766287950","https:\/\/x.com\/derlaminatprofi"]}]}},"_links":{"self":[{"href":"https:\/\/www.laminat-fachmarkt.com\/blog\/wp-json\/wp\/v2\/posts\/333","targetHints":{"allow":["GET"]}}],"collection":[{"href":"https:\/\/www.laminat-fachmarkt.com\/blog\/wp-json\/wp\/v2\/posts"}],"about":[{"href":"https:\/\/www.laminat-fachmarkt.com\/blog\/wp-json\/wp\/v2\/types\/post"}],"author":[{"embeddable":true,"href":"https:\/\/www.laminat-fachmarkt.com\/blog\/wp-json\/wp\/v2\/users\/1"}],"replies":[{"embeddable":true,"href":"https:\/\/www.laminat-fachmarkt.com\/blog\/wp-json\/wp\/v2\/comments?post=333"}],"version-history":[{"count":2,"href":"https:\/\/www.laminat-fachmarkt.com\/blog\/wp-json\/wp\/v2\/posts\/333\/revisions"}],"predecessor-version":[{"id":335,"href":"https:\/\/www.laminat-fachmarkt.com\/blog\/wp-json\/wp\/v2\/posts\/333\/revisions\/335"}],"wp:attachment":[{"href":"https:\/\/www.laminat-fachmarkt.com\/blog\/wp-json\/wp\/v2\/media?parent=333"}],"wp:term":[{"taxonomy":"category","embeddable":true,"href":"https:\/\/www.laminat-fachmarkt.com\/blog\/wp-json\/wp\/v2\/categories?post=333"},{"taxonomy":"post_tag","embeddable":true,"href":"https:\/\/www.laminat-fachmarkt.com\/blog\/wp-json\/wp\/v2\/tags?post=333"}],"curies":[{"name":"wp","href":"https:\/\/api.w.org\/{rel}","templated":true}]}}