{"id":205,"date":"2016-10-26T15:52:41","date_gmt":"2016-10-26T13:52:41","guid":{"rendered":"http:\/\/www.laminat-fachmarkt.com\/blog\/?p=205"},"modified":"2017-11-25T14:55:34","modified_gmt":"2017-11-25T13:55:34","slug":"treppenrenovierung-und-treppenverkleidung-mit-kwg-designbelaegen","status":"publish","type":"post","link":"https:\/\/www.laminat-fachmarkt.com\/blog\/2016\/10\/treppenrenovierung-und-treppenverkleidung-mit-kwg-designbelaegen\/","title":{"rendered":"Treppenrenovierung und Treppenverkleidung mit KWG Designbel\u00e4gen"},"content":{"rendered":"<h2>Eine Treppe renovieren oder erstmalig belegen<\/h2>\n<p>Sie haben eine Treppe, die Ihrem Anspruch an Design nicht mehr gef\u00e4llt, weil die Stufen ausgetreten oder zerkratzt sind? Ihre alte Holztreppe passt einfach nicht mehr zu Ihrem derzeitigen Einrichtungsstil und ein neuer Anstrich oder der Belag mit Teppich ist keine zufriedenstellende L\u00f6sung f\u00fcr Sie? Oder stellt Ihre alte Treppe ein Sicherheitsrisiko dar, speziell f\u00fcr Kinder oder<a href=\"https:\/\/www.laminat-fachmarkt.com\/blog\/wp-content\/uploads\/2016\/10\/859_antigua_HDF_Treppensysem_Sandeiche.jpg\" rel=\"lightbox[205]\"><img loading=\"lazy\" decoding=\"async\" class=\"alignleft size-medium wp-image-202\" src=\"https:\/\/www.laminat-fachmarkt.com\/blog\/wp-content\/uploads\/2016\/10\/859_antigua_HDF_Treppensysem_Sandeiche-300x173.jpg\" alt=\"859_antigua_hdf_treppensysem_sandeiche\" width=\"300\" height=\"173\" srcset=\"https:\/\/www.laminat-fachmarkt.com\/blog\/wp-content\/uploads\/2016\/10\/859_antigua_HDF_Treppensysem_Sandeiche-300x173.jpg 300w, https:\/\/www.laminat-fachmarkt.com\/blog\/wp-content\/uploads\/2016\/10\/859_antigua_HDF_Treppensysem_Sandeiche.jpg 500w\" sizes=\"auto, (max-width: 300px) 100vw, 300px\" \/><\/a> \u00e4ltere Menschen, weil Sie besonders rutschig geworden ist?<\/p>\n<p>Dann denken Sie \u00fcber eine Renovierung Ihrer alten Stein-, Beton-, oder Holztreppe mit dem KWG\u00a0Designbelag nach. Sie k\u00f6nnen aus \u00fcber 80 verschiedenen Holz- oder Steindekoren das passendes Dekor f\u00fcr ihr Ambiente ausw\u00e4hlen und so Ihrer alten Treppe zu einem v\u00f6llig neuen Aussehen verhelfen, dass sich technisch und optisch perfekt an Ihren bestehenden Anspr\u00fcchen an Sicherheit und Aussehen anpasst.<\/p>\n<h2>Treppensanierung ma\u00dfgeschneidert mit dem antigua Treppensystem<\/h2>\n<p>Das KWG antigua Treppensystem zur Treppenrenovierung alter Treppen ist f\u00fcr Altbautreppen, Neubautreppen, einzelne Stufen und Podeste geeignet. Dies wird durch angepasste Fertigungssysteme erreicht. Die Treppenelemente sind f\u00fcr alle antigua HDF und Hydrotec Fertigfu\u00dfb\u00f6den erh\u00e4ltlich, Sie haben also eine gro\u00dfe Auswahl aus Holz- &amp; Steindekoren. Sollten Sie gerade \u00fcber die Verlegung eines KWG Bodens <a href=\"https:\/\/www.laminat-fachmarkt.com\/blog\/wp-content\/uploads\/2016\/10\/410_Slider_antigua_treppensystem.jpg\" rel=\"lightbox[205]\"><img loading=\"lazy\" decoding=\"async\" class=\"alignright size-medium wp-image-210\" src=\"https:\/\/www.laminat-fachmarkt.com\/blog\/wp-content\/uploads\/2016\/10\/410_Slider_antigua_treppensystem-300x173.jpg\" alt=\"KWG Antigua Treppensystem\" width=\"300\" height=\"173\" srcset=\"https:\/\/www.laminat-fachmarkt.com\/blog\/wp-content\/uploads\/2016\/10\/410_Slider_antigua_treppensystem-300x173.jpg 300w, https:\/\/www.laminat-fachmarkt.com\/blog\/wp-content\/uploads\/2016\/10\/410_Slider_antigua_treppensystem.jpg 600w\" sizes=\"auto, (max-width: 300px) 100vw, 300px\" \/><\/a>nachdenken, bietet sich die Treppenrenovierung mit dem antigua Treppensystem besonders an, denn die Treppenelemente werden aus den Bodenpaneelen gefertigt und sind somit zu 100% identisch in Dekor &amp; Oberfl\u00e4che. Ihre Treppe schlie\u00dft somit optisch nahtlos an Ihren ausgesuchten KWG Boden an und setzt sich auf der Treppe elegant fort. Durch den Einsatz eines hochwertigen Designbelags erh\u00e4lt ihre Treppe auch ein neues Ma\u00df an Sicherheit, denn die Rutschhemmung entspricht der Rutschhemmstufe R9. Durch die raffinierte Fertigung der einzelnen Treppenelemente entf\u00e4llt der Einsatz von zus\u00e4tzlichen Metallprofilen, welche die Optik unterbrechen.<\/p>\n<h2>Technik und Installation<\/h2>\n<p>Eine Installation durch einen Fachmann ist ebenso wie eine Do it Yourself Verlegung m\u00f6glich. Die einzelnen Elemente werden mit speziellem Montagekleber f\u00fcr Treppenprofile auf der alten Treppe verklebt. Ihre Treppe bleibt w\u00e4hrend der Belegung nutzbar, viel Schmutz und L\u00e4rm f\u00e4llt nicht an. In den meisten F\u00e4llen ist die neue Treppe innerhalb eines Tages fertig gestellt.<\/p>\n<p>Die Elemente des antigua Treppensystems sind in folgenden Breiten erh\u00e4ltlich:<\/p>\n<ul>\n<li>0,90m<\/li>\n<li>\u00a01,10m<\/li>\n<li>\u00a01,38m<\/li>\n<\/ul>\n<p>Alle erh\u00e4ltlichen Dekore finden Sie in der <a href=\"https:\/\/www.laminat-fachmarkt.com\/vinylboden\/kwg\" target=\"blank\" title=\"KWG Antigua Vinylboden\">KWG Antigua \u00dcbersicht<\/a><\/p>\n<p>Damit der Belag Ihrer neuen Treppe Ihnen von Anfang an Freude bereitet, ist eine gr\u00fcndliche Berechnung des ben\u00f6tigten Materials und eventueller Zusatzkomponenten wichtig.<\/p>\n<p>Wir sind Ihr Ansprechpartner in allen Fragen zum KWG Antigua Treppensystem, berechnen mit Ihnen den tats\u00e4chlichen Bedarf aller Komponenten und erstellen Ihnen gern ein unverbindliches Angebot.<\/p>\n","protected":false},"excerpt":{"rendered":"<p>Eine Treppe renovieren oder erstmalig belegen Sie haben eine Treppe, die Ihrem Anspruch an Design nicht mehr gef\u00e4llt, weil die Stufen ausgetreten oder zerkratzt sind? Ihre alte Holztreppe passt einfach nicht mehr zu Ihrem derzeitigen Einrichtungsstil und ein neuer Anstrich &hellip; <a href=\"https:\/\/www.laminat-fachmarkt.com\/blog\/2016\/10\/treppenrenovierung-und-treppenverkleidung-mit-kwg-designbelaegen\/\">Weiterlesen <span class=\"meta-nav\">&rarr;<\/span><\/a><\/p>\n","protected":false},"author":2,"featured_media":0,"comment_status":"open","ping_status":"open","sticky":false,"template":"","format":"standard","meta":{"footnotes":""},"categories":[1],"tags":[37,30,28,29],"class_list":["post-205","post","type-post","status-publish","format-standard","hentry","category-allgemein","tag-treppe-verkleiden","tag-treppenbelag","tag-treppenrenovierung","tag-treppensanierung"],"yoast_head":"<!-- This site is optimized with the Yoast SEO plugin v25.7 - https:\/\/yoast.com\/wordpress\/plugins\/seo\/ -->\n<title>Treppenrenovierung &amp; Treppenverkleidung | Laminat-Fachmarkt.com<\/title>\n<meta name=\"description\" content=\"Treppenrenovierung und Treppensanierung mit dem KWG antigua Treppensystem \u2713 neue Treppe belegen \u2713 alte Treppe renovieren \u2713 DIY \u2713 Treppe sanieren\" \/>\n<meta name=\"robots\" content=\"index, follow, max-snippet:-1, max-image-preview:large, max-video-preview:-1\" \/>\n<link rel=\"canonical\" href=\"https:\/\/www.laminat-fachmarkt.com\/blog\/2016\/10\/treppenrenovierung-und-treppenverkleidung-mit-kwg-designbelaegen\/\" \/>\n<meta name=\"twitter:label1\" content=\"Verfasst von\" \/>\n\t<meta name=\"twitter:data1\" content=\"laminat-fachmarkt\" \/>\n\t<meta name=\"twitter:label2\" content=\"Gesch\u00e4tzte Lesezeit\" \/>\n\t<meta name=\"twitter:data2\" content=\"2\u00a0Minuten\" \/>\n<script type=\"application\/ld+json\" class=\"yoast-schema-graph\">{\"@context\":\"https:\/\/schema.org\",\"@graph\":[{\"@type\":\"Article\",\"@id\":\"https:\/\/www.laminat-fachmarkt.com\/blog\/2016\/10\/treppenrenovierung-und-treppenverkleidung-mit-kwg-designbelaegen\/#article\",\"isPartOf\":{\"@id\":\"https:\/\/www.laminat-fachmarkt.com\/blog\/2016\/10\/treppenrenovierung-und-treppenverkleidung-mit-kwg-designbelaegen\/\"},\"author\":{\"name\":\"laminat-fachmarkt\",\"@id\":\"https:\/\/www.laminat-fachmarkt.com\/blog\/#\/schema\/person\/1f31156d1eaff6d24d0c9b774b62c70c\"},\"headline\":\"Treppenrenovierung und Treppenverkleidung mit KWG Designbel\u00e4gen\",\"datePublished\":\"2016-10-26T13:52:41+00:00\",\"dateModified\":\"2017-11-25T13:55:34+00:00\",\"mainEntityOfPage\":{\"@id\":\"https:\/\/www.laminat-fachmarkt.com\/blog\/2016\/10\/treppenrenovierung-und-treppenverkleidung-mit-kwg-designbelaegen\/\"},\"wordCount\":444,\"commentCount\":4,\"publisher\":{\"@id\":\"https:\/\/www.laminat-fachmarkt.com\/blog\/#organization\"},\"image\":{\"@id\":\"https:\/\/www.laminat-fachmarkt.com\/blog\/2016\/10\/treppenrenovierung-und-treppenverkleidung-mit-kwg-designbelaegen\/#primaryimage\"},\"thumbnailUrl\":\"https:\/\/www.laminat-fachmarkt.com\/blog\/wp-content\/uploads\/2016\/10\/859_antigua_HDF_Treppensysem_Sandeiche-300x173.jpg\",\"keywords\":[\"Treppe verkleiden\",\"Treppenbelag\",\"Treppenrenovierung\",\"Treppensanierung\"],\"inLanguage\":\"de\",\"potentialAction\":[{\"@type\":\"CommentAction\",\"name\":\"Comment\",\"target\":[\"https:\/\/www.laminat-fachmarkt.com\/blog\/2016\/10\/treppenrenovierung-und-treppenverkleidung-mit-kwg-designbelaegen\/#respond\"]}]},{\"@type\":\"WebPage\",\"@id\":\"https:\/\/www.laminat-fachmarkt.com\/blog\/2016\/10\/treppenrenovierung-und-treppenverkleidung-mit-kwg-designbelaegen\/\",\"url\":\"https:\/\/www.laminat-fachmarkt.com\/blog\/2016\/10\/treppenrenovierung-und-treppenverkleidung-mit-kwg-designbelaegen\/\",\"name\":\"Treppenrenovierung & Treppenverkleidung | Laminat-Fachmarkt.com\",\"isPartOf\":{\"@id\":\"https:\/\/www.laminat-fachmarkt.com\/blog\/#website\"},\"primaryImageOfPage\":{\"@id\":\"https:\/\/www.laminat-fachmarkt.com\/blog\/2016\/10\/treppenrenovierung-und-treppenverkleidung-mit-kwg-designbelaegen\/#primaryimage\"},\"image\":{\"@id\":\"https:\/\/www.laminat-fachmarkt.com\/blog\/2016\/10\/treppenrenovierung-und-treppenverkleidung-mit-kwg-designbelaegen\/#primaryimage\"},\"thumbnailUrl\":\"https:\/\/www.laminat-fachmarkt.com\/blog\/wp-content\/uploads\/2016\/10\/859_antigua_HDF_Treppensysem_Sandeiche-300x173.jpg\",\"datePublished\":\"2016-10-26T13:52:41+00:00\",\"dateModified\":\"2017-11-25T13:55:34+00:00\",\"description\":\"Treppenrenovierung und Treppensanierung mit dem KWG antigua Treppensystem \u2713 neue Treppe belegen \u2713 alte Treppe renovieren \u2713 DIY \u2713 Treppe sanieren\",\"breadcrumb\":{\"@id\":\"https:\/\/www.laminat-fachmarkt.com\/blog\/2016\/10\/treppenrenovierung-und-treppenverkleidung-mit-kwg-designbelaegen\/#breadcrumb\"},\"inLanguage\":\"de\",\"potentialAction\":[{\"@type\":\"ReadAction\",\"target\":[\"https:\/\/www.laminat-fachmarkt.com\/blog\/2016\/10\/treppenrenovierung-und-treppenverkleidung-mit-kwg-designbelaegen\/\"]}]},{\"@type\":\"ImageObject\",\"inLanguage\":\"de\",\"@id\":\"https:\/\/www.laminat-fachmarkt.com\/blog\/2016\/10\/treppenrenovierung-und-treppenverkleidung-mit-kwg-designbelaegen\/#primaryimage\",\"url\":\"https:\/\/www.laminat-fachmarkt.com\/blog\/wp-content\/uploads\/2016\/10\/859_antigua_HDF_Treppensysem_Sandeiche.jpg\",\"contentUrl\":\"https:\/\/www.laminat-fachmarkt.com\/blog\/wp-content\/uploads\/2016\/10\/859_antigua_HDF_Treppensysem_Sandeiche.jpg\",\"width\":500,\"height\":289,\"caption\":\"Antigua Treppensystem Dekor Sandeiche\"},{\"@type\":\"BreadcrumbList\",\"@id\":\"https:\/\/www.laminat-fachmarkt.com\/blog\/2016\/10\/treppenrenovierung-und-treppenverkleidung-mit-kwg-designbelaegen\/#breadcrumb\",\"itemListElement\":[{\"@type\":\"ListItem\",\"position\":1,\"name\":\"Startseite\",\"item\":\"https:\/\/www.laminat-fachmarkt.com\/blog\/\"},{\"@type\":\"ListItem\",\"position\":2,\"name\":\"Treppenrenovierung und Treppenverkleidung mit KWG Designbel\u00e4gen\"}]},{\"@type\":\"WebSite\",\"@id\":\"https:\/\/www.laminat-fachmarkt.com\/blog\/#website\",\"url\":\"https:\/\/www.laminat-fachmarkt.com\/blog\/\",\"name\":\"Der Blog rund um Boden und Renovierung\",\"description\":\"von Laminat-Fachmarkt.com\",\"publisher\":{\"@id\":\"https:\/\/www.laminat-fachmarkt.com\/blog\/#organization\"},\"potentialAction\":[{\"@type\":\"SearchAction\",\"target\":{\"@type\":\"EntryPoint\",\"urlTemplate\":\"https:\/\/www.laminat-fachmarkt.com\/blog\/?s={search_term_string}\"},\"query-input\":{\"@type\":\"PropertyValueSpecification\",\"valueRequired\":true,\"valueName\":\"search_term_string\"}}],\"inLanguage\":\"de\"},{\"@type\":\"Organization\",\"@id\":\"https:\/\/www.laminat-fachmarkt.com\/blog\/#organization\",\"name\":\"Laminat-Fachmarkt\",\"url\":\"https:\/\/www.laminat-fachmarkt.com\/blog\/\",\"logo\":{\"@type\":\"ImageObject\",\"inLanguage\":\"de\",\"@id\":\"https:\/\/www.laminat-fachmarkt.com\/blog\/#\/schema\/logo\/image\/\",\"url\":\"https:\/\/www.laminat-fachmarkt.com\/blog\/wp-content\/uploads\/2013\/09\/cropped-Logo_Laminat-Fachmarkt1.jpg\",\"contentUrl\":\"https:\/\/www.laminat-fachmarkt.com\/blog\/wp-content\/uploads\/2013\/09\/cropped-Logo_Laminat-Fachmarkt1.jpg\",\"width\":940,\"height\":192,\"caption\":\"Laminat-Fachmarkt\"},\"image\":{\"@id\":\"https:\/\/www.laminat-fachmarkt.com\/blog\/#\/schema\/logo\/image\/\"},\"sameAs\":[\"https:\/\/www.facebook.com\/Laminat-Fachmarkt-272116766287950\"]},{\"@type\":\"Person\",\"@id\":\"https:\/\/www.laminat-fachmarkt.com\/blog\/#\/schema\/person\/1f31156d1eaff6d24d0c9b774b62c70c\",\"name\":\"laminat-fachmarkt\",\"image\":{\"@type\":\"ImageObject\",\"inLanguage\":\"de\",\"@id\":\"https:\/\/www.laminat-fachmarkt.com\/blog\/#\/schema\/person\/image\/\",\"url\":\"https:\/\/secure.gravatar.com\/avatar\/4fee919ef46091cd3da919f9591dbffd60ebd46f3a47c90b0d64a6d0357de52e?s=96&d=mm&r=g\",\"contentUrl\":\"https:\/\/secure.gravatar.com\/avatar\/4fee919ef46091cd3da919f9591dbffd60ebd46f3a47c90b0d64a6d0357de52e?s=96&d=mm&r=g\",\"caption\":\"laminat-fachmarkt\"},\"sameAs\":[\"https:\/\/x.com\/derlaminatprofi\"]}]}<\/script>\n<!-- \/ Yoast SEO plugin. -->","yoast_head_json":{"title":"Treppenrenovierung & Treppenverkleidung | Laminat-Fachmarkt.com","description":"Treppenrenovierung und Treppensanierung mit dem KWG antigua Treppensystem \u2713 neue Treppe belegen \u2713 alte Treppe renovieren \u2713 DIY \u2713 Treppe sanieren","robots":{"index":"index","follow":"follow","max-snippet":"max-snippet:-1","max-image-preview":"max-image-preview:large","max-video-preview":"max-video-preview:-1"},"canonical":"https:\/\/www.laminat-fachmarkt.com\/blog\/2016\/10\/treppenrenovierung-und-treppenverkleidung-mit-kwg-designbelaegen\/","twitter_misc":{"Verfasst von":"laminat-fachmarkt","Gesch\u00e4tzte Lesezeit":"2\u00a0Minuten"},"schema":{"@context":"https:\/\/schema.org","@graph":[{"@type":"Article","@id":"https:\/\/www.laminat-fachmarkt.com\/blog\/2016\/10\/treppenrenovierung-und-treppenverkleidung-mit-kwg-designbelaegen\/#article","isPartOf":{"@id":"https:\/\/www.laminat-fachmarkt.com\/blog\/2016\/10\/treppenrenovierung-und-treppenverkleidung-mit-kwg-designbelaegen\/"},"author":{"name":"laminat-fachmarkt","@id":"https:\/\/www.laminat-fachmarkt.com\/blog\/#\/schema\/person\/1f31156d1eaff6d24d0c9b774b62c70c"},"headline":"Treppenrenovierung und Treppenverkleidung mit KWG Designbel\u00e4gen","datePublished":"2016-10-26T13:52:41+00:00","dateModified":"2017-11-25T13:55:34+00:00","mainEntityOfPage":{"@id":"https:\/\/www.laminat-fachmarkt.com\/blog\/2016\/10\/treppenrenovierung-und-treppenverkleidung-mit-kwg-designbelaegen\/"},"wordCount":444,"commentCount":4,"publisher":{"@id":"https:\/\/www.laminat-fachmarkt.com\/blog\/#organization"},"image":{"@id":"https:\/\/www.laminat-fachmarkt.com\/blog\/2016\/10\/treppenrenovierung-und-treppenverkleidung-mit-kwg-designbelaegen\/#primaryimage"},"thumbnailUrl":"https:\/\/www.laminat-fachmarkt.com\/blog\/wp-content\/uploads\/2016\/10\/859_antigua_HDF_Treppensysem_Sandeiche-300x173.jpg","keywords":["Treppe verkleiden","Treppenbelag","Treppenrenovierung","Treppensanierung"],"inLanguage":"de","potentialAction":[{"@type":"CommentAction","name":"Comment","target":["https:\/\/www.laminat-fachmarkt.com\/blog\/2016\/10\/treppenrenovierung-und-treppenverkleidung-mit-kwg-designbelaegen\/#respond"]}]},{"@type":"WebPage","@id":"https:\/\/www.laminat-fachmarkt.com\/blog\/2016\/10\/treppenrenovierung-und-treppenverkleidung-mit-kwg-designbelaegen\/","url":"https:\/\/www.laminat-fachmarkt.com\/blog\/2016\/10\/treppenrenovierung-und-treppenverkleidung-mit-kwg-designbelaegen\/","name":"Treppenrenovierung & Treppenverkleidung | Laminat-Fachmarkt.com","isPartOf":{"@id":"https:\/\/www.laminat-fachmarkt.com\/blog\/#website"},"primaryImageOfPage":{"@id":"https:\/\/www.laminat-fachmarkt.com\/blog\/2016\/10\/treppenrenovierung-und-treppenverkleidung-mit-kwg-designbelaegen\/#primaryimage"},"image":{"@id":"https:\/\/www.laminat-fachmarkt.com\/blog\/2016\/10\/treppenrenovierung-und-treppenverkleidung-mit-kwg-designbelaegen\/#primaryimage"},"thumbnailUrl":"https:\/\/www.laminat-fachmarkt.com\/blog\/wp-content\/uploads\/2016\/10\/859_antigua_HDF_Treppensysem_Sandeiche-300x173.jpg","datePublished":"2016-10-26T13:52:41+00:00","dateModified":"2017-11-25T13:55:34+00:00","description":"Treppenrenovierung und Treppensanierung mit dem KWG antigua Treppensystem \u2713 neue Treppe belegen \u2713 alte Treppe renovieren \u2713 DIY \u2713 Treppe sanieren","breadcrumb":{"@id":"https:\/\/www.laminat-fachmarkt.com\/blog\/2016\/10\/treppenrenovierung-und-treppenverkleidung-mit-kwg-designbelaegen\/#breadcrumb"},"inLanguage":"de","potentialAction":[{"@type":"ReadAction","target":["https:\/\/www.laminat-fachmarkt.com\/blog\/2016\/10\/treppenrenovierung-und-treppenverkleidung-mit-kwg-designbelaegen\/"]}]},{"@type":"ImageObject","inLanguage":"de","@id":"https:\/\/www.laminat-fachmarkt.com\/blog\/2016\/10\/treppenrenovierung-und-treppenverkleidung-mit-kwg-designbelaegen\/#primaryimage","url":"https:\/\/www.laminat-fachmarkt.com\/blog\/wp-content\/uploads\/2016\/10\/859_antigua_HDF_Treppensysem_Sandeiche.jpg","contentUrl":"https:\/\/www.laminat-fachmarkt.com\/blog\/wp-content\/uploads\/2016\/10\/859_antigua_HDF_Treppensysem_Sandeiche.jpg","width":500,"height":289,"caption":"Antigua Treppensystem Dekor Sandeiche"},{"@type":"BreadcrumbList","@id":"https:\/\/www.laminat-fachmarkt.com\/blog\/2016\/10\/treppenrenovierung-und-treppenverkleidung-mit-kwg-designbelaegen\/#breadcrumb","itemListElement":[{"@type":"ListItem","position":1,"name":"Startseite","item":"https:\/\/www.laminat-fachmarkt.com\/blog\/"},{"@type":"ListItem","position":2,"name":"Treppenrenovierung und Treppenverkleidung mit KWG Designbel\u00e4gen"}]},{"@type":"WebSite","@id":"https:\/\/www.laminat-fachmarkt.com\/blog\/#website","url":"https:\/\/www.laminat-fachmarkt.com\/blog\/","name":"Der Blog rund um Boden und Renovierung","description":"von Laminat-Fachmarkt.com","publisher":{"@id":"https:\/\/www.laminat-fachmarkt.com\/blog\/#organization"},"potentialAction":[{"@type":"SearchAction","target":{"@type":"EntryPoint","urlTemplate":"https:\/\/www.laminat-fachmarkt.com\/blog\/?s={search_term_string}"},"query-input":{"@type":"PropertyValueSpecification","valueRequired":true,"valueName":"search_term_string"}}],"inLanguage":"de"},{"@type":"Organization","@id":"https:\/\/www.laminat-fachmarkt.com\/blog\/#organization","name":"Laminat-Fachmarkt","url":"https:\/\/www.laminat-fachmarkt.com\/blog\/","logo":{"@type":"ImageObject","inLanguage":"de","@id":"https:\/\/www.laminat-fachmarkt.com\/blog\/#\/schema\/logo\/image\/","url":"https:\/\/www.laminat-fachmarkt.com\/blog\/wp-content\/uploads\/2013\/09\/cropped-Logo_Laminat-Fachmarkt1.jpg","contentUrl":"https:\/\/www.laminat-fachmarkt.com\/blog\/wp-content\/uploads\/2013\/09\/cropped-Logo_Laminat-Fachmarkt1.jpg","width":940,"height":192,"caption":"Laminat-Fachmarkt"},"image":{"@id":"https:\/\/www.laminat-fachmarkt.com\/blog\/#\/schema\/logo\/image\/"},"sameAs":["https:\/\/www.facebook.com\/Laminat-Fachmarkt-272116766287950"]},{"@type":"Person","@id":"https:\/\/www.laminat-fachmarkt.com\/blog\/#\/schema\/person\/1f31156d1eaff6d24d0c9b774b62c70c","name":"laminat-fachmarkt","image":{"@type":"ImageObject","inLanguage":"de","@id":"https:\/\/www.laminat-fachmarkt.com\/blog\/#\/schema\/person\/image\/","url":"https:\/\/secure.gravatar.com\/avatar\/4fee919ef46091cd3da919f9591dbffd60ebd46f3a47c90b0d64a6d0357de52e?s=96&d=mm&r=g","contentUrl":"https:\/\/secure.gravatar.com\/avatar\/4fee919ef46091cd3da919f9591dbffd60ebd46f3a47c90b0d64a6d0357de52e?s=96&d=mm&r=g","caption":"laminat-fachmarkt"},"sameAs":["https:\/\/x.com\/derlaminatprofi"]}]}},"_links":{"self":[{"href":"https:\/\/www.laminat-fachmarkt.com\/blog\/wp-json\/wp\/v2\/posts\/205","targetHints":{"allow":["GET"]}}],"collection":[{"href":"https:\/\/www.laminat-fachmarkt.com\/blog\/wp-json\/wp\/v2\/posts"}],"about":[{"href":"https:\/\/www.laminat-fachmarkt.com\/blog\/wp-json\/wp\/v2\/types\/post"}],"author":[{"embeddable":true,"href":"https:\/\/www.laminat-fachmarkt.com\/blog\/wp-json\/wp\/v2\/users\/2"}],"replies":[{"embeddable":true,"href":"https:\/\/www.laminat-fachmarkt.com\/blog\/wp-json\/wp\/v2\/comments?post=205"}],"version-history":[{"count":8,"href":"https:\/\/www.laminat-fachmarkt.com\/blog\/wp-json\/wp\/v2\/posts\/205\/revisions"}],"predecessor-version":[{"id":232,"href":"https:\/\/www.laminat-fachmarkt.com\/blog\/wp-json\/wp\/v2\/posts\/205\/revisions\/232"}],"wp:attachment":[{"href":"https:\/\/www.laminat-fachmarkt.com\/blog\/wp-json\/wp\/v2\/media?parent=205"}],"wp:term":[{"taxonomy":"category","embeddable":true,"href":"https:\/\/www.laminat-fachmarkt.com\/blog\/wp-json\/wp\/v2\/categories?post=205"},{"taxonomy":"post_tag","embeddable":true,"href":"https:\/\/www.laminat-fachmarkt.com\/blog\/wp-json\/wp\/v2\/tags?post=205"}],"curies":[{"name":"wp","href":"https:\/\/api.w.org\/{rel}","templated":true}]}}