{"id":124,"date":"2012-07-30T11:09:05","date_gmt":"2012-07-30T09:09:05","guid":{"rendered":"http:\/\/blog.laminat-fachmarkt.com\/?p=124"},"modified":"2018-02-26T17:51:25","modified_gmt":"2018-02-26T16:51:25","slug":"hochglanz-laminat","status":"publish","type":"post","link":"https:\/\/www.laminat-fachmarkt.com\/blog\/2012\/07\/hochglanz-laminat\/","title":{"rendered":"Hochglanz Laminat"},"content":{"rendered":"<p>Gerade die Oberfl\u00e4che eines Laminatbodens beeinflusst stark die Optik des verlegten Bodens. Bei einem <strong>Hochglanz-Laminat<\/strong> ist die Oberfl\u00e4che eine brillant gl\u00e4nzende Deckschicht, die trotzdessen \u00e4u\u00dferst robust und widerstandsf\u00e4hig ist. Einen Raum, der mit <strong>Hochglanz-Laminat<\/strong> ausgestattet ist, vergisst man so schnell nicht. Die beeindruckende Wirkung dieser besonderen Oberfl\u00e4che ist ein absoluter Eye-Catcher.<\/p>\n<h2>Hochglanz Laminat ist \u00fcberall einsatzbereit<\/h2>\n<p>Seine Anwendung findet das <strong>Hochglanz-Laminat<\/strong> in den unterschiedlichsten Bereichen im Wohn-, sowie Objekt-bereich. Durch die vielf\u00e4ltig erh\u00e4ltlichen Dekore, ist <strong>Hochglanz-Laminat<\/strong> eine perfekte Erg\u00e4nzung zu vielen Einrichtungstrends.<\/p>\n<h2>Hochglanz und hoch belastbar<\/h2>\n<p>Wer sich f\u00fcr ein hochgl\u00e4nzendes <strong>Laminat<\/strong> entscheidet, muss bei der Haltbarkeit keine Abstriche machen. Hersteller wie Witex oder Elesgo bieten <strong>Hochglanz<\/strong> oder <strong>Superglanz<\/strong> Optiken in bew\u00e4hrter Qualit\u00e4t und Langlebigkeit.<\/p>\n<h2>Die gl\u00e4nzende Vielfalt<\/h2>\n<p><strong>Hochglanz-Laminat<\/strong> gibt es in vielen verschiedenen Variationen wie Holz-, Stein-, oder Fliesen-Optik. Auch die Liebhaber von Uni-Farben wie wei\u00df, schwarz, rot oder blau werden bei einem <a title=\"Hochglanz-Laminat\" href=\"https:\/\/www.laminat-fachmarkt.com\/hochglanz-laminat\">Hochglanz Laminat<\/a> nicht entt\u00e4uscht. Und wer es ganz individuell bunt mag, der legt sich verschiedene Uni-T\u00f6ne nach seinen eigenen Vorstellungen quer durch den Raum.<\/p>\n<div style=\"text-align: center;margin: 0 0 20px 0\"><span style=\"padding-right: 50px\"><img loading=\"lazy\" decoding=\"async\" src=\"https:\/\/www.laminat-fachmarkt.com\/blog\/wp-content\/uploads\/2012\/07\/laminat-elesgo-superglanz-fliese-v5-fuge-juparana-stein-optik1.jpg\" alt=\"Hochglanz Laminat Elesgo Superglanz Fliese V5 Fuge Juparana Stein Optik\" width=\"222\" height=\"141\" \/><span style=\"padding-left: 50px\"><img loading=\"lazy\" decoding=\"async\" src=\"https:\/\/www.laminat-fachmarkt.com\/blog\/wp-content\/uploads\/2012\/07\/laminat-witex-color-plus-hochglanz-sunset-x-protect-114-mm_b22.jpg\" alt=\"Witex Color Plus Hochglanz Laminat Sunset X-Protect\" width=\"223\" height=\"140\" \/><\/span><\/span><\/div>\n<p>Noch individueller gehts kaum, es sei denn, man druckt sich sein Motiv f\u00fcr den Boden selber. Dazu bald aber mehr, in einem eigenen Blog-Artikel! \ud83d\ude42<\/p>\n","protected":false},"excerpt":{"rendered":"<p>Gerade die Oberfl\u00e4che eines Laminatbodens beeinflusst stark die Optik des verlegten Bodens. Bei einem Hochglanz-Laminat ist die Oberfl\u00e4che eine brillant gl\u00e4nzende Deckschicht, die trotzdessen \u00e4u\u00dferst robust und widerstandsf\u00e4hig ist. Einen Raum, der mit Hochglanz-Laminat ausgestattet ist, vergisst man so schnell &hellip; <a href=\"https:\/\/www.laminat-fachmarkt.com\/blog\/2012\/07\/hochglanz-laminat\/\">Weiterlesen <span class=\"meta-nav\">&rarr;<\/span><\/a><\/p>\n","protected":false},"author":2,"featured_media":0,"comment_status":"open","ping_status":"open","sticky":false,"template":"","format":"standard","meta":{"footnotes":""},"categories":[1],"tags":[34,32,33,31,9,35],"class_list":["post-124","post","type-post","status-publish","format-standard","hentry","category-allgemein","tag-elesgo","tag-hochglanz","tag-hochglaenzend","tag-hochglanzlaminat","tag-laminat","tag-wineo"],"yoast_head":"<!-- This site is optimized with the Yoast SEO plugin v25.7 - https:\/\/yoast.com\/wordpress\/plugins\/seo\/ -->\n<title>Hochglanz Laminat | Laminat-Fachmarkt Blog<\/title>\n<meta name=\"description\" content=\"Bei einem Hochglanz Laminat ist die Oberfl\u00e4che eine brilliant gl\u00e4nzende Deckschicht, die trotzdessen \u00e4u\u00dferst robust und widerstandsf\u00e4hig ist\" \/>\n<meta name=\"robots\" content=\"index, follow, max-snippet:-1, max-image-preview:large, max-video-preview:-1\" \/>\n<link rel=\"canonical\" href=\"https:\/\/www.laminat-fachmarkt.com\/blog\/2012\/07\/hochglanz-laminat\/\" \/>\n<meta name=\"twitter:label1\" content=\"Verfasst von\" \/>\n\t<meta name=\"twitter:data1\" content=\"laminat-fachmarkt\" \/>\n\t<meta name=\"twitter:label2\" content=\"Gesch\u00e4tzte Lesezeit\" \/>\n\t<meta name=\"twitter:data2\" content=\"1\u00a0Minute\" \/>\n<script type=\"application\/ld+json\" class=\"yoast-schema-graph\">{\"@context\":\"https:\/\/schema.org\",\"@graph\":[{\"@type\":\"Article\",\"@id\":\"https:\/\/www.laminat-fachmarkt.com\/blog\/2012\/07\/hochglanz-laminat\/#article\",\"isPartOf\":{\"@id\":\"https:\/\/www.laminat-fachmarkt.com\/blog\/2012\/07\/hochglanz-laminat\/\"},\"author\":{\"name\":\"laminat-fachmarkt\",\"@id\":\"https:\/\/www.laminat-fachmarkt.com\/blog\/#\/schema\/person\/1f31156d1eaff6d24d0c9b774b62c70c\"},\"headline\":\"Hochglanz Laminat\",\"datePublished\":\"2012-07-30T09:09:05+00:00\",\"dateModified\":\"2018-02-26T16:51:25+00:00\",\"mainEntityOfPage\":{\"@id\":\"https:\/\/www.laminat-fachmarkt.com\/blog\/2012\/07\/hochglanz-laminat\/\"},\"wordCount\":212,\"commentCount\":2,\"publisher\":{\"@id\":\"https:\/\/www.laminat-fachmarkt.com\/blog\/#organization\"},\"image\":{\"@id\":\"https:\/\/www.laminat-fachmarkt.com\/blog\/2012\/07\/hochglanz-laminat\/#primaryimage\"},\"thumbnailUrl\":\"https:\/\/www.laminat-fachmarkt.com\/blog\/wp-content\/uploads\/2012\/07\/laminat-elesgo-superglanz-fliese-v5-fuge-juparana-stein-optik1.jpg\",\"keywords\":[\"Elesgo\",\"Hochglanz\",\"hochgl\u00e4nzend\",\"Hochglanzlaminat\",\"Laminat\",\"Wineo\"],\"inLanguage\":\"de\",\"potentialAction\":[{\"@type\":\"CommentAction\",\"name\":\"Comment\",\"target\":[\"https:\/\/www.laminat-fachmarkt.com\/blog\/2012\/07\/hochglanz-laminat\/#respond\"]}]},{\"@type\":\"WebPage\",\"@id\":\"https:\/\/www.laminat-fachmarkt.com\/blog\/2012\/07\/hochglanz-laminat\/\",\"url\":\"https:\/\/www.laminat-fachmarkt.com\/blog\/2012\/07\/hochglanz-laminat\/\",\"name\":\"Hochglanz Laminat | Laminat-Fachmarkt Blog\",\"isPartOf\":{\"@id\":\"https:\/\/www.laminat-fachmarkt.com\/blog\/#website\"},\"primaryImageOfPage\":{\"@id\":\"https:\/\/www.laminat-fachmarkt.com\/blog\/2012\/07\/hochglanz-laminat\/#primaryimage\"},\"image\":{\"@id\":\"https:\/\/www.laminat-fachmarkt.com\/blog\/2012\/07\/hochglanz-laminat\/#primaryimage\"},\"thumbnailUrl\":\"https:\/\/www.laminat-fachmarkt.com\/blog\/wp-content\/uploads\/2012\/07\/laminat-elesgo-superglanz-fliese-v5-fuge-juparana-stein-optik1.jpg\",\"datePublished\":\"2012-07-30T09:09:05+00:00\",\"dateModified\":\"2018-02-26T16:51:25+00:00\",\"description\":\"Bei einem Hochglanz Laminat ist die Oberfl\u00e4che eine brilliant gl\u00e4nzende Deckschicht, die trotzdessen \u00e4u\u00dferst robust und widerstandsf\u00e4hig ist\",\"breadcrumb\":{\"@id\":\"https:\/\/www.laminat-fachmarkt.com\/blog\/2012\/07\/hochglanz-laminat\/#breadcrumb\"},\"inLanguage\":\"de\",\"potentialAction\":[{\"@type\":\"ReadAction\",\"target\":[\"https:\/\/www.laminat-fachmarkt.com\/blog\/2012\/07\/hochglanz-laminat\/\"]}]},{\"@type\":\"ImageObject\",\"inLanguage\":\"de\",\"@id\":\"https:\/\/www.laminat-fachmarkt.com\/blog\/2012\/07\/hochglanz-laminat\/#primaryimage\",\"url\":\"https:\/\/www.laminat-fachmarkt.com\/blog\/wp-content\/uploads\/2012\/07\/laminat-elesgo-superglanz-fliese-v5-fuge-juparana-stein-optik1.jpg\",\"contentUrl\":\"https:\/\/www.laminat-fachmarkt.com\/blog\/wp-content\/uploads\/2012\/07\/laminat-elesgo-superglanz-fliese-v5-fuge-juparana-stein-optik1.jpg\",\"width\":\"222\",\"height\":\"141\"},{\"@type\":\"BreadcrumbList\",\"@id\":\"https:\/\/www.laminat-fachmarkt.com\/blog\/2012\/07\/hochglanz-laminat\/#breadcrumb\",\"itemListElement\":[{\"@type\":\"ListItem\",\"position\":1,\"name\":\"Startseite\",\"item\":\"https:\/\/www.laminat-fachmarkt.com\/blog\/\"},{\"@type\":\"ListItem\",\"position\":2,\"name\":\"Hochglanz Laminat\"}]},{\"@type\":\"WebSite\",\"@id\":\"https:\/\/www.laminat-fachmarkt.com\/blog\/#website\",\"url\":\"https:\/\/www.laminat-fachmarkt.com\/blog\/\",\"name\":\"Der Blog rund um Boden und Renovierung\",\"description\":\"von Laminat-Fachmarkt.com\",\"publisher\":{\"@id\":\"https:\/\/www.laminat-fachmarkt.com\/blog\/#organization\"},\"potentialAction\":[{\"@type\":\"SearchAction\",\"target\":{\"@type\":\"EntryPoint\",\"urlTemplate\":\"https:\/\/www.laminat-fachmarkt.com\/blog\/?s={search_term_string}\"},\"query-input\":{\"@type\":\"PropertyValueSpecification\",\"valueRequired\":true,\"valueName\":\"search_term_string\"}}],\"inLanguage\":\"de\"},{\"@type\":\"Organization\",\"@id\":\"https:\/\/www.laminat-fachmarkt.com\/blog\/#organization\",\"name\":\"Laminat-Fachmarkt\",\"url\":\"https:\/\/www.laminat-fachmarkt.com\/blog\/\",\"logo\":{\"@type\":\"ImageObject\",\"inLanguage\":\"de\",\"@id\":\"https:\/\/www.laminat-fachmarkt.com\/blog\/#\/schema\/logo\/image\/\",\"url\":\"https:\/\/www.laminat-fachmarkt.com\/blog\/wp-content\/uploads\/2013\/09\/cropped-Logo_Laminat-Fachmarkt1.jpg\",\"contentUrl\":\"https:\/\/www.laminat-fachmarkt.com\/blog\/wp-content\/uploads\/2013\/09\/cropped-Logo_Laminat-Fachmarkt1.jpg\",\"width\":940,\"height\":192,\"caption\":\"Laminat-Fachmarkt\"},\"image\":{\"@id\":\"https:\/\/www.laminat-fachmarkt.com\/blog\/#\/schema\/logo\/image\/\"},\"sameAs\":[\"https:\/\/www.facebook.com\/Laminat-Fachmarkt-272116766287950\"]},{\"@type\":\"Person\",\"@id\":\"https:\/\/www.laminat-fachmarkt.com\/blog\/#\/schema\/person\/1f31156d1eaff6d24d0c9b774b62c70c\",\"name\":\"laminat-fachmarkt\",\"image\":{\"@type\":\"ImageObject\",\"inLanguage\":\"de\",\"@id\":\"https:\/\/www.laminat-fachmarkt.com\/blog\/#\/schema\/person\/image\/\",\"url\":\"https:\/\/secure.gravatar.com\/avatar\/4fee919ef46091cd3da919f9591dbffd60ebd46f3a47c90b0d64a6d0357de52e?s=96&d=mm&r=g\",\"contentUrl\":\"https:\/\/secure.gravatar.com\/avatar\/4fee919ef46091cd3da919f9591dbffd60ebd46f3a47c90b0d64a6d0357de52e?s=96&d=mm&r=g\",\"caption\":\"laminat-fachmarkt\"},\"sameAs\":[\"https:\/\/x.com\/derlaminatprofi\"]}]}<\/script>\n<!-- \/ Yoast SEO plugin. -->","yoast_head_json":{"title":"Hochglanz Laminat | Laminat-Fachmarkt Blog","description":"Bei einem Hochglanz Laminat ist die Oberfl\u00e4che eine brilliant gl\u00e4nzende Deckschicht, die trotzdessen \u00e4u\u00dferst robust und widerstandsf\u00e4hig ist","robots":{"index":"index","follow":"follow","max-snippet":"max-snippet:-1","max-image-preview":"max-image-preview:large","max-video-preview":"max-video-preview:-1"},"canonical":"https:\/\/www.laminat-fachmarkt.com\/blog\/2012\/07\/hochglanz-laminat\/","twitter_misc":{"Verfasst von":"laminat-fachmarkt","Gesch\u00e4tzte Lesezeit":"1\u00a0Minute"},"schema":{"@context":"https:\/\/schema.org","@graph":[{"@type":"Article","@id":"https:\/\/www.laminat-fachmarkt.com\/blog\/2012\/07\/hochglanz-laminat\/#article","isPartOf":{"@id":"https:\/\/www.laminat-fachmarkt.com\/blog\/2012\/07\/hochglanz-laminat\/"},"author":{"name":"laminat-fachmarkt","@id":"https:\/\/www.laminat-fachmarkt.com\/blog\/#\/schema\/person\/1f31156d1eaff6d24d0c9b774b62c70c"},"headline":"Hochglanz Laminat","datePublished":"2012-07-30T09:09:05+00:00","dateModified":"2018-02-26T16:51:25+00:00","mainEntityOfPage":{"@id":"https:\/\/www.laminat-fachmarkt.com\/blog\/2012\/07\/hochglanz-laminat\/"},"wordCount":212,"commentCount":2,"publisher":{"@id":"https:\/\/www.laminat-fachmarkt.com\/blog\/#organization"},"image":{"@id":"https:\/\/www.laminat-fachmarkt.com\/blog\/2012\/07\/hochglanz-laminat\/#primaryimage"},"thumbnailUrl":"https:\/\/www.laminat-fachmarkt.com\/blog\/wp-content\/uploads\/2012\/07\/laminat-elesgo-superglanz-fliese-v5-fuge-juparana-stein-optik1.jpg","keywords":["Elesgo","Hochglanz","hochgl\u00e4nzend","Hochglanzlaminat","Laminat","Wineo"],"inLanguage":"de","potentialAction":[{"@type":"CommentAction","name":"Comment","target":["https:\/\/www.laminat-fachmarkt.com\/blog\/2012\/07\/hochglanz-laminat\/#respond"]}]},{"@type":"WebPage","@id":"https:\/\/www.laminat-fachmarkt.com\/blog\/2012\/07\/hochglanz-laminat\/","url":"https:\/\/www.laminat-fachmarkt.com\/blog\/2012\/07\/hochglanz-laminat\/","name":"Hochglanz Laminat | Laminat-Fachmarkt Blog","isPartOf":{"@id":"https:\/\/www.laminat-fachmarkt.com\/blog\/#website"},"primaryImageOfPage":{"@id":"https:\/\/www.laminat-fachmarkt.com\/blog\/2012\/07\/hochglanz-laminat\/#primaryimage"},"image":{"@id":"https:\/\/www.laminat-fachmarkt.com\/blog\/2012\/07\/hochglanz-laminat\/#primaryimage"},"thumbnailUrl":"https:\/\/www.laminat-fachmarkt.com\/blog\/wp-content\/uploads\/2012\/07\/laminat-elesgo-superglanz-fliese-v5-fuge-juparana-stein-optik1.jpg","datePublished":"2012-07-30T09:09:05+00:00","dateModified":"2018-02-26T16:51:25+00:00","description":"Bei einem Hochglanz Laminat ist die Oberfl\u00e4che eine brilliant gl\u00e4nzende Deckschicht, die trotzdessen \u00e4u\u00dferst robust und widerstandsf\u00e4hig ist","breadcrumb":{"@id":"https:\/\/www.laminat-fachmarkt.com\/blog\/2012\/07\/hochglanz-laminat\/#breadcrumb"},"inLanguage":"de","potentialAction":[{"@type":"ReadAction","target":["https:\/\/www.laminat-fachmarkt.com\/blog\/2012\/07\/hochglanz-laminat\/"]}]},{"@type":"ImageObject","inLanguage":"de","@id":"https:\/\/www.laminat-fachmarkt.com\/blog\/2012\/07\/hochglanz-laminat\/#primaryimage","url":"https:\/\/www.laminat-fachmarkt.com\/blog\/wp-content\/uploads\/2012\/07\/laminat-elesgo-superglanz-fliese-v5-fuge-juparana-stein-optik1.jpg","contentUrl":"https:\/\/www.laminat-fachmarkt.com\/blog\/wp-content\/uploads\/2012\/07\/laminat-elesgo-superglanz-fliese-v5-fuge-juparana-stein-optik1.jpg","width":"222","height":"141"},{"@type":"BreadcrumbList","@id":"https:\/\/www.laminat-fachmarkt.com\/blog\/2012\/07\/hochglanz-laminat\/#breadcrumb","itemListElement":[{"@type":"ListItem","position":1,"name":"Startseite","item":"https:\/\/www.laminat-fachmarkt.com\/blog\/"},{"@type":"ListItem","position":2,"name":"Hochglanz Laminat"}]},{"@type":"WebSite","@id":"https:\/\/www.laminat-fachmarkt.com\/blog\/#website","url":"https:\/\/www.laminat-fachmarkt.com\/blog\/","name":"Der Blog rund um Boden und Renovierung","description":"von Laminat-Fachmarkt.com","publisher":{"@id":"https:\/\/www.laminat-fachmarkt.com\/blog\/#organization"},"potentialAction":[{"@type":"SearchAction","target":{"@type":"EntryPoint","urlTemplate":"https:\/\/www.laminat-fachmarkt.com\/blog\/?s={search_term_string}"},"query-input":{"@type":"PropertyValueSpecification","valueRequired":true,"valueName":"search_term_string"}}],"inLanguage":"de"},{"@type":"Organization","@id":"https:\/\/www.laminat-fachmarkt.com\/blog\/#organization","name":"Laminat-Fachmarkt","url":"https:\/\/www.laminat-fachmarkt.com\/blog\/","logo":{"@type":"ImageObject","inLanguage":"de","@id":"https:\/\/www.laminat-fachmarkt.com\/blog\/#\/schema\/logo\/image\/","url":"https:\/\/www.laminat-fachmarkt.com\/blog\/wp-content\/uploads\/2013\/09\/cropped-Logo_Laminat-Fachmarkt1.jpg","contentUrl":"https:\/\/www.laminat-fachmarkt.com\/blog\/wp-content\/uploads\/2013\/09\/cropped-Logo_Laminat-Fachmarkt1.jpg","width":940,"height":192,"caption":"Laminat-Fachmarkt"},"image":{"@id":"https:\/\/www.laminat-fachmarkt.com\/blog\/#\/schema\/logo\/image\/"},"sameAs":["https:\/\/www.facebook.com\/Laminat-Fachmarkt-272116766287950"]},{"@type":"Person","@id":"https:\/\/www.laminat-fachmarkt.com\/blog\/#\/schema\/person\/1f31156d1eaff6d24d0c9b774b62c70c","name":"laminat-fachmarkt","image":{"@type":"ImageObject","inLanguage":"de","@id":"https:\/\/www.laminat-fachmarkt.com\/blog\/#\/schema\/person\/image\/","url":"https:\/\/secure.gravatar.com\/avatar\/4fee919ef46091cd3da919f9591dbffd60ebd46f3a47c90b0d64a6d0357de52e?s=96&d=mm&r=g","contentUrl":"https:\/\/secure.gravatar.com\/avatar\/4fee919ef46091cd3da919f9591dbffd60ebd46f3a47c90b0d64a6d0357de52e?s=96&d=mm&r=g","caption":"laminat-fachmarkt"},"sameAs":["https:\/\/x.com\/derlaminatprofi"]}]}},"_links":{"self":[{"href":"https:\/\/www.laminat-fachmarkt.com\/blog\/wp-json\/wp\/v2\/posts\/124","targetHints":{"allow":["GET"]}}],"collection":[{"href":"https:\/\/www.laminat-fachmarkt.com\/blog\/wp-json\/wp\/v2\/posts"}],"about":[{"href":"https:\/\/www.laminat-fachmarkt.com\/blog\/wp-json\/wp\/v2\/types\/post"}],"author":[{"embeddable":true,"href":"https:\/\/www.laminat-fachmarkt.com\/blog\/wp-json\/wp\/v2\/users\/2"}],"replies":[{"embeddable":true,"href":"https:\/\/www.laminat-fachmarkt.com\/blog\/wp-json\/wp\/v2\/comments?post=124"}],"version-history":[{"count":21,"href":"https:\/\/www.laminat-fachmarkt.com\/blog\/wp-json\/wp\/v2\/posts\/124\/revisions"}],"predecessor-version":[{"id":240,"href":"https:\/\/www.laminat-fachmarkt.com\/blog\/wp-json\/wp\/v2\/posts\/124\/revisions\/240"}],"wp:attachment":[{"href":"https:\/\/www.laminat-fachmarkt.com\/blog\/wp-json\/wp\/v2\/media?parent=124"}],"wp:term":[{"taxonomy":"category","embeddable":true,"href":"https:\/\/www.laminat-fachmarkt.com\/blog\/wp-json\/wp\/v2\/categories?post=124"},{"taxonomy":"post_tag","embeddable":true,"href":"https:\/\/www.laminat-fachmarkt.com\/blog\/wp-json\/wp\/v2\/tags?post=124"}],"curies":[{"name":"wp","href":"https:\/\/api.w.org\/{rel}","templated":true}]}}