{"id":102,"date":"2012-07-20T11:10:41","date_gmt":"2012-07-20T09:10:41","guid":{"rendered":"http:\/\/blog.laminat-fachmarkt.com\/?p=102"},"modified":"2023-04-19T12:23:48","modified_gmt":"2023-04-19T10:23:48","slug":"wozu-ist-eigentlich-diese-alukaschierung-bei-trittschalldammung-gut","status":"publish","type":"post","link":"https:\/\/www.laminat-fachmarkt.com\/blog\/2012\/07\/wozu-ist-eigentlich-diese-alukaschierung-bei-trittschalldammung-gut\/","title":{"rendered":"Wozu ist eigentlich diese Alukaschierung bei Trittschalld\u00e4mmung gut?"},"content":{"rendered":"<p>Eine der Fragen, die wir mehrmals t\u00e4glich h\u00f6ren.<br \/>\nUnd zu Recht, denn wer nicht wei\u00df, was genau diese Alukaschierung auf einer Trittschalld\u00e4mmung eigentlich sein soll, kann auch nicht sagen, ob er sie braucht, oder nicht.<\/p>\n<p>Trittschalld\u00e4mmung gibt es ja in vielen Variationen, die eine hat bessere D\u00e4mmwerte, die Andere ist besonders gut geeignet f\u00fcr Fu\u00dfbodenheizung und wieder andere D\u00e4mmunterlagen k\u00f6nnen besonders gut Unebenheiten im Boden ausgleichen.<\/p>\n<p>All diese Trittschalld\u00e4mmungen gibt es oftmals noch mit einer Alukaschierung. Diese zus\u00e4tzliche Schicht erf\u00fcllt die Eigenschaften einer sogenannten Dampfbremse. Sie sorgt also daf\u00fcr, dass die aus dem Untergrund aufsteigende Feuchtigkeit geregelt an den Oberboden abgegeben wird. So wird zum Beispiel verhindert, dass der Bodenaufbau an der Click-Verbindung durch zu schnell und zu viel aufsteigende Feuchtigkeit aufquillt.<\/p>\n<p>Je nach St\u00e4rke empfehlen wir die\u00a0<a href=\"https:\/\/www.laminat-fachmarkt.com\/Wineo-Trittschalldaemmung-Sound-Protect-Eco-Profi-S-D-Alu-3mm\" target=\"_blank\" rel=\"noopener\">Wineo Trittschalld\u00e4mmung Sound Protect Eco Profi S \/ D Alu 3mm<\/a>.<\/p>\n<h2>Wann wird eine Alukaschierung ben\u00f6tigt<\/h2>\n<p>Eine Trittschalld\u00e4mmung mit Alukaschierung kommt immer dann zum Einsatz, wenn eine Dampfbremse ben\u00f6tigt wird. Also bei jedem mineralischen Untergrund. Dabei spielt es keine Rolle, ob dieser neu oder schon 10 Jahre alt ist. Auch bei einer Warmwasser-Fu\u00dfbodenheizung wird eine Dampfbremse ben\u00f6tigt.<\/p>\n<h2>Gibt es Besonderheiten bei der Verlegung von Trittschalld\u00e4mmung mit Alukaschierung<\/h2>\n<p>Eigentlich nur eine. Trittschalld\u00e4mmung mit einer Alukaschierung sollte an den St\u00f6\u00dfen durchgehend mit einem sogenannten <a title=\"Alu Fugenband zur Abdichtung der Dampfbremse\" href=\"https:\/\/www.laminat-fachmarkt.com\/Alu-Fugendichtband-50m-fuer-Trittschall-und-Dampfsperre\" target=\"_blank\" rel=\"noopener\">Alu-Fugendichtband<\/a> verklebt werden, damit die Dampfbrems- Eigenschaften auch vollfl\u00e4chig gew\u00e4hrleistet sind. Dies ist nat\u00fcrlich auch bei einer separat verlegten Dampfbremse (PE Folie) erforderlich.<\/p>\n<h2>Welche Vorteile bietet die Alu-Kaschierung<\/h2>\n<p>Der Vorteil liegt in der einfachen und vor allem schnelleren Verlegung. Sie m\u00fcssen also nicht erst die Dampfbremse (meist eine 0,20mm PE Folie) und anschlie\u00dfend die Trittschalld\u00e4mmung verlegen, sondern sparen sich einen Arbeitsschritt. Das spart Zeit bei Handwerkern und auch Heimwerkern. Viele unserer Kunden, und nat\u00fcrlich auch wir selbst, finden die Verlegung so angenehmer.<\/p>\n<p>Wenn Sie Fragen zum Thema haben, stehen wir Ihnen wie immer gern mit Rat &amp; Tat zur Seite!<\/p>\n","protected":false},"excerpt":{"rendered":"<p>Eine der Fragen, die wir mehrmals t\u00e4glich h\u00f6ren. Und zu Recht, denn wer nicht wei\u00df, was genau diese Alukaschierung auf einer Trittschalld\u00e4mmung eigentlich sein soll, kann auch nicht sagen, ob er sie braucht, oder nicht. Trittschalld\u00e4mmung gibt es ja in &hellip; <a href=\"https:\/\/www.laminat-fachmarkt.com\/blog\/2012\/07\/wozu-ist-eigentlich-diese-alukaschierung-bei-trittschalldammung-gut\/\">Weiterlesen <span class=\"meta-nav\">&rarr;<\/span><\/a><\/p>\n","protected":false},"author":2,"featured_media":0,"comment_status":"open","ping_status":"open","sticky":false,"template":"","format":"standard","meta":{"footnotes":""},"categories":[3],"tags":[17,18],"class_list":["post-102","post","type-post","status-publish","format-standard","hentry","category-tipps-tricks","tag-alukaschierung","tag-trittschalldammung"],"yoast_head":"<!-- This site is optimized with the Yoast SEO plugin v25.7 - https:\/\/yoast.com\/wordpress\/plugins\/seo\/ -->\n<title>Wozu ist eigentlich diese Alukaschierung bei Trittschalld\u00e4mmung gut?<\/title>\n<meta name=\"description\" content=\"Trittschalld\u00e4mmungen gibt es oftmals noch mit einer Alukaschierung. Diese Schicht erf\u00fcllt die Eigenschaften einer sogenannten Dampfbremse.\" \/>\n<meta name=\"robots\" content=\"index, follow, max-snippet:-1, max-image-preview:large, max-video-preview:-1\" \/>\n<link rel=\"canonical\" href=\"https:\/\/www.laminat-fachmarkt.com\/blog\/2012\/07\/wozu-ist-eigentlich-diese-alukaschierung-bei-trittschalldammung-gut\/\" \/>\n<meta name=\"twitter:label1\" content=\"Verfasst von\" \/>\n\t<meta name=\"twitter:data1\" content=\"laminat-fachmarkt\" \/>\n\t<meta name=\"twitter:label2\" content=\"Gesch\u00e4tzte Lesezeit\" \/>\n\t<meta name=\"twitter:data2\" content=\"2\u00a0Minuten\" \/>\n<script type=\"application\/ld+json\" class=\"yoast-schema-graph\">{\"@context\":\"https:\/\/schema.org\",\"@graph\":[{\"@type\":\"Article\",\"@id\":\"https:\/\/www.laminat-fachmarkt.com\/blog\/2012\/07\/wozu-ist-eigentlich-diese-alukaschierung-bei-trittschalldammung-gut\/#article\",\"isPartOf\":{\"@id\":\"https:\/\/www.laminat-fachmarkt.com\/blog\/2012\/07\/wozu-ist-eigentlich-diese-alukaschierung-bei-trittschalldammung-gut\/\"},\"author\":{\"name\":\"laminat-fachmarkt\",\"@id\":\"https:\/\/www.laminat-fachmarkt.com\/blog\/#\/schema\/person\/1f31156d1eaff6d24d0c9b774b62c70c\"},\"headline\":\"Wozu ist eigentlich diese Alukaschierung bei Trittschalld\u00e4mmung gut?\",\"datePublished\":\"2012-07-20T09:10:41+00:00\",\"dateModified\":\"2023-04-19T10:23:48+00:00\",\"mainEntityOfPage\":{\"@id\":\"https:\/\/www.laminat-fachmarkt.com\/blog\/2012\/07\/wozu-ist-eigentlich-diese-alukaschierung-bei-trittschalldammung-gut\/\"},\"wordCount\":347,\"commentCount\":47,\"publisher\":{\"@id\":\"https:\/\/www.laminat-fachmarkt.com\/blog\/#organization\"},\"keywords\":[\"Alukaschierung\",\"Trittschalld\u00e4mmung\"],\"articleSection\":[\"Tipps &amp; Tricks\"],\"inLanguage\":\"de\",\"potentialAction\":[{\"@type\":\"CommentAction\",\"name\":\"Comment\",\"target\":[\"https:\/\/www.laminat-fachmarkt.com\/blog\/2012\/07\/wozu-ist-eigentlich-diese-alukaschierung-bei-trittschalldammung-gut\/#respond\"]}]},{\"@type\":\"WebPage\",\"@id\":\"https:\/\/www.laminat-fachmarkt.com\/blog\/2012\/07\/wozu-ist-eigentlich-diese-alukaschierung-bei-trittschalldammung-gut\/\",\"url\":\"https:\/\/www.laminat-fachmarkt.com\/blog\/2012\/07\/wozu-ist-eigentlich-diese-alukaschierung-bei-trittschalldammung-gut\/\",\"name\":\"Wozu ist eigentlich diese Alukaschierung bei Trittschalld\u00e4mmung gut?\",\"isPartOf\":{\"@id\":\"https:\/\/www.laminat-fachmarkt.com\/blog\/#website\"},\"datePublished\":\"2012-07-20T09:10:41+00:00\",\"dateModified\":\"2023-04-19T10:23:48+00:00\",\"description\":\"Trittschalld\u00e4mmungen gibt es oftmals noch mit einer Alukaschierung. Diese Schicht erf\u00fcllt die Eigenschaften einer sogenannten Dampfbremse.\",\"breadcrumb\":{\"@id\":\"https:\/\/www.laminat-fachmarkt.com\/blog\/2012\/07\/wozu-ist-eigentlich-diese-alukaschierung-bei-trittschalldammung-gut\/#breadcrumb\"},\"inLanguage\":\"de\",\"potentialAction\":[{\"@type\":\"ReadAction\",\"target\":[\"https:\/\/www.laminat-fachmarkt.com\/blog\/2012\/07\/wozu-ist-eigentlich-diese-alukaschierung-bei-trittschalldammung-gut\/\"]}]},{\"@type\":\"BreadcrumbList\",\"@id\":\"https:\/\/www.laminat-fachmarkt.com\/blog\/2012\/07\/wozu-ist-eigentlich-diese-alukaschierung-bei-trittschalldammung-gut\/#breadcrumb\",\"itemListElement\":[{\"@type\":\"ListItem\",\"position\":1,\"name\":\"Startseite\",\"item\":\"https:\/\/www.laminat-fachmarkt.com\/blog\/\"},{\"@type\":\"ListItem\",\"position\":2,\"name\":\"Wozu ist eigentlich diese Alukaschierung bei Trittschalld\u00e4mmung gut?\"}]},{\"@type\":\"WebSite\",\"@id\":\"https:\/\/www.laminat-fachmarkt.com\/blog\/#website\",\"url\":\"https:\/\/www.laminat-fachmarkt.com\/blog\/\",\"name\":\"Der Blog rund um Boden und Renovierung\",\"description\":\"von Laminat-Fachmarkt.com\",\"publisher\":{\"@id\":\"https:\/\/www.laminat-fachmarkt.com\/blog\/#organization\"},\"potentialAction\":[{\"@type\":\"SearchAction\",\"target\":{\"@type\":\"EntryPoint\",\"urlTemplate\":\"https:\/\/www.laminat-fachmarkt.com\/blog\/?s={search_term_string}\"},\"query-input\":{\"@type\":\"PropertyValueSpecification\",\"valueRequired\":true,\"valueName\":\"search_term_string\"}}],\"inLanguage\":\"de\"},{\"@type\":\"Organization\",\"@id\":\"https:\/\/www.laminat-fachmarkt.com\/blog\/#organization\",\"name\":\"Laminat-Fachmarkt\",\"url\":\"https:\/\/www.laminat-fachmarkt.com\/blog\/\",\"logo\":{\"@type\":\"ImageObject\",\"inLanguage\":\"de\",\"@id\":\"https:\/\/www.laminat-fachmarkt.com\/blog\/#\/schema\/logo\/image\/\",\"url\":\"https:\/\/www.laminat-fachmarkt.com\/blog\/wp-content\/uploads\/2013\/09\/cropped-Logo_Laminat-Fachmarkt1.jpg\",\"contentUrl\":\"https:\/\/www.laminat-fachmarkt.com\/blog\/wp-content\/uploads\/2013\/09\/cropped-Logo_Laminat-Fachmarkt1.jpg\",\"width\":940,\"height\":192,\"caption\":\"Laminat-Fachmarkt\"},\"image\":{\"@id\":\"https:\/\/www.laminat-fachmarkt.com\/blog\/#\/schema\/logo\/image\/\"},\"sameAs\":[\"https:\/\/www.facebook.com\/Laminat-Fachmarkt-272116766287950\"]},{\"@type\":\"Person\",\"@id\":\"https:\/\/www.laminat-fachmarkt.com\/blog\/#\/schema\/person\/1f31156d1eaff6d24d0c9b774b62c70c\",\"name\":\"laminat-fachmarkt\",\"image\":{\"@type\":\"ImageObject\",\"inLanguage\":\"de\",\"@id\":\"https:\/\/www.laminat-fachmarkt.com\/blog\/#\/schema\/person\/image\/\",\"url\":\"https:\/\/secure.gravatar.com\/avatar\/4fee919ef46091cd3da919f9591dbffd60ebd46f3a47c90b0d64a6d0357de52e?s=96&d=mm&r=g\",\"contentUrl\":\"https:\/\/secure.gravatar.com\/avatar\/4fee919ef46091cd3da919f9591dbffd60ebd46f3a47c90b0d64a6d0357de52e?s=96&d=mm&r=g\",\"caption\":\"laminat-fachmarkt\"},\"sameAs\":[\"https:\/\/x.com\/derlaminatprofi\"]}]}<\/script>\n<!-- \/ Yoast SEO plugin. -->","yoast_head_json":{"title":"Wozu ist eigentlich diese Alukaschierung bei Trittschalld\u00e4mmung gut?","description":"Trittschalld\u00e4mmungen gibt es oftmals noch mit einer Alukaschierung. Diese Schicht erf\u00fcllt die Eigenschaften einer sogenannten Dampfbremse.","robots":{"index":"index","follow":"follow","max-snippet":"max-snippet:-1","max-image-preview":"max-image-preview:large","max-video-preview":"max-video-preview:-1"},"canonical":"https:\/\/www.laminat-fachmarkt.com\/blog\/2012\/07\/wozu-ist-eigentlich-diese-alukaschierung-bei-trittschalldammung-gut\/","twitter_misc":{"Verfasst von":"laminat-fachmarkt","Gesch\u00e4tzte Lesezeit":"2\u00a0Minuten"},"schema":{"@context":"https:\/\/schema.org","@graph":[{"@type":"Article","@id":"https:\/\/www.laminat-fachmarkt.com\/blog\/2012\/07\/wozu-ist-eigentlich-diese-alukaschierung-bei-trittschalldammung-gut\/#article","isPartOf":{"@id":"https:\/\/www.laminat-fachmarkt.com\/blog\/2012\/07\/wozu-ist-eigentlich-diese-alukaschierung-bei-trittschalldammung-gut\/"},"author":{"name":"laminat-fachmarkt","@id":"https:\/\/www.laminat-fachmarkt.com\/blog\/#\/schema\/person\/1f31156d1eaff6d24d0c9b774b62c70c"},"headline":"Wozu ist eigentlich diese Alukaschierung bei Trittschalld\u00e4mmung gut?","datePublished":"2012-07-20T09:10:41+00:00","dateModified":"2023-04-19T10:23:48+00:00","mainEntityOfPage":{"@id":"https:\/\/www.laminat-fachmarkt.com\/blog\/2012\/07\/wozu-ist-eigentlich-diese-alukaschierung-bei-trittschalldammung-gut\/"},"wordCount":347,"commentCount":47,"publisher":{"@id":"https:\/\/www.laminat-fachmarkt.com\/blog\/#organization"},"keywords":["Alukaschierung","Trittschalld\u00e4mmung"],"articleSection":["Tipps &amp; Tricks"],"inLanguage":"de","potentialAction":[{"@type":"CommentAction","name":"Comment","target":["https:\/\/www.laminat-fachmarkt.com\/blog\/2012\/07\/wozu-ist-eigentlich-diese-alukaschierung-bei-trittschalldammung-gut\/#respond"]}]},{"@type":"WebPage","@id":"https:\/\/www.laminat-fachmarkt.com\/blog\/2012\/07\/wozu-ist-eigentlich-diese-alukaschierung-bei-trittschalldammung-gut\/","url":"https:\/\/www.laminat-fachmarkt.com\/blog\/2012\/07\/wozu-ist-eigentlich-diese-alukaschierung-bei-trittschalldammung-gut\/","name":"Wozu ist eigentlich diese Alukaschierung bei Trittschalld\u00e4mmung gut?","isPartOf":{"@id":"https:\/\/www.laminat-fachmarkt.com\/blog\/#website"},"datePublished":"2012-07-20T09:10:41+00:00","dateModified":"2023-04-19T10:23:48+00:00","description":"Trittschalld\u00e4mmungen gibt es oftmals noch mit einer Alukaschierung. Diese Schicht erf\u00fcllt die Eigenschaften einer sogenannten Dampfbremse.","breadcrumb":{"@id":"https:\/\/www.laminat-fachmarkt.com\/blog\/2012\/07\/wozu-ist-eigentlich-diese-alukaschierung-bei-trittschalldammung-gut\/#breadcrumb"},"inLanguage":"de","potentialAction":[{"@type":"ReadAction","target":["https:\/\/www.laminat-fachmarkt.com\/blog\/2012\/07\/wozu-ist-eigentlich-diese-alukaschierung-bei-trittschalldammung-gut\/"]}]},{"@type":"BreadcrumbList","@id":"https:\/\/www.laminat-fachmarkt.com\/blog\/2012\/07\/wozu-ist-eigentlich-diese-alukaschierung-bei-trittschalldammung-gut\/#breadcrumb","itemListElement":[{"@type":"ListItem","position":1,"name":"Startseite","item":"https:\/\/www.laminat-fachmarkt.com\/blog\/"},{"@type":"ListItem","position":2,"name":"Wozu ist eigentlich diese Alukaschierung bei Trittschalld\u00e4mmung gut?"}]},{"@type":"WebSite","@id":"https:\/\/www.laminat-fachmarkt.com\/blog\/#website","url":"https:\/\/www.laminat-fachmarkt.com\/blog\/","name":"Der Blog rund um Boden und Renovierung","description":"von Laminat-Fachmarkt.com","publisher":{"@id":"https:\/\/www.laminat-fachmarkt.com\/blog\/#organization"},"potentialAction":[{"@type":"SearchAction","target":{"@type":"EntryPoint","urlTemplate":"https:\/\/www.laminat-fachmarkt.com\/blog\/?s={search_term_string}"},"query-input":{"@type":"PropertyValueSpecification","valueRequired":true,"valueName":"search_term_string"}}],"inLanguage":"de"},{"@type":"Organization","@id":"https:\/\/www.laminat-fachmarkt.com\/blog\/#organization","name":"Laminat-Fachmarkt","url":"https:\/\/www.laminat-fachmarkt.com\/blog\/","logo":{"@type":"ImageObject","inLanguage":"de","@id":"https:\/\/www.laminat-fachmarkt.com\/blog\/#\/schema\/logo\/image\/","url":"https:\/\/www.laminat-fachmarkt.com\/blog\/wp-content\/uploads\/2013\/09\/cropped-Logo_Laminat-Fachmarkt1.jpg","contentUrl":"https:\/\/www.laminat-fachmarkt.com\/blog\/wp-content\/uploads\/2013\/09\/cropped-Logo_Laminat-Fachmarkt1.jpg","width":940,"height":192,"caption":"Laminat-Fachmarkt"},"image":{"@id":"https:\/\/www.laminat-fachmarkt.com\/blog\/#\/schema\/logo\/image\/"},"sameAs":["https:\/\/www.facebook.com\/Laminat-Fachmarkt-272116766287950"]},{"@type":"Person","@id":"https:\/\/www.laminat-fachmarkt.com\/blog\/#\/schema\/person\/1f31156d1eaff6d24d0c9b774b62c70c","name":"laminat-fachmarkt","image":{"@type":"ImageObject","inLanguage":"de","@id":"https:\/\/www.laminat-fachmarkt.com\/blog\/#\/schema\/person\/image\/","url":"https:\/\/secure.gravatar.com\/avatar\/4fee919ef46091cd3da919f9591dbffd60ebd46f3a47c90b0d64a6d0357de52e?s=96&d=mm&r=g","contentUrl":"https:\/\/secure.gravatar.com\/avatar\/4fee919ef46091cd3da919f9591dbffd60ebd46f3a47c90b0d64a6d0357de52e?s=96&d=mm&r=g","caption":"laminat-fachmarkt"},"sameAs":["https:\/\/x.com\/derlaminatprofi"]}]}},"_links":{"self":[{"href":"https:\/\/www.laminat-fachmarkt.com\/blog\/wp-json\/wp\/v2\/posts\/102","targetHints":{"allow":["GET"]}}],"collection":[{"href":"https:\/\/www.laminat-fachmarkt.com\/blog\/wp-json\/wp\/v2\/posts"}],"about":[{"href":"https:\/\/www.laminat-fachmarkt.com\/blog\/wp-json\/wp\/v2\/types\/post"}],"author":[{"embeddable":true,"href":"https:\/\/www.laminat-fachmarkt.com\/blog\/wp-json\/wp\/v2\/users\/2"}],"replies":[{"embeddable":true,"href":"https:\/\/www.laminat-fachmarkt.com\/blog\/wp-json\/wp\/v2\/comments?post=102"}],"version-history":[{"count":12,"href":"https:\/\/www.laminat-fachmarkt.com\/blog\/wp-json\/wp\/v2\/posts\/102\/revisions"}],"predecessor-version":[{"id":324,"href":"https:\/\/www.laminat-fachmarkt.com\/blog\/wp-json\/wp\/v2\/posts\/102\/revisions\/324"}],"wp:attachment":[{"href":"https:\/\/www.laminat-fachmarkt.com\/blog\/wp-json\/wp\/v2\/media?parent=102"}],"wp:term":[{"taxonomy":"category","embeddable":true,"href":"https:\/\/www.laminat-fachmarkt.com\/blog\/wp-json\/wp\/v2\/categories?post=102"},{"taxonomy":"post_tag","embeddable":true,"href":"https:\/\/www.laminat-fachmarkt.com\/blog\/wp-json\/wp\/v2\/tags?post=102"}],"curies":[{"name":"wp","href":"https:\/\/api.w.org\/{rel}","templated":true}]}}