{"id":1,"date":"2011-10-25T21:16:42","date_gmt":"2011-10-25T21:16:42","guid":{"rendered":"http:\/\/blog.laminat-fachmarkt.com\/?p=1"},"modified":"2017-11-25T10:36:50","modified_gmt":"2017-11-25T09:36:50","slug":"laminat-fachmarkt-blog","status":"publish","type":"post","link":"https:\/\/www.laminat-fachmarkt.com\/blog\/2011\/10\/laminat-fachmarkt-blog\/","title":{"rendered":"Herzlich Willkommen"},"content":{"rendered":"<p>Willkommen in unserem Blog rund um das Thema <strong>Laminat, Vinylboden, Korkboden<\/strong> und Zubeh\u00f6r. Interessante Neuigkeiten sowie Tipps und Tricks werden in K\u00fcrze diesen Blog f\u00fcllen.<\/p>\n<p>\u00dcber eine rege Beteiligung Ihrerseits w\u00fcrden wir uns sehr freuen.<\/p>\n<p>Viele Gr\u00fc\u00dfe<\/p>\n<p>Lars Bachmann<\/p>\n","protected":false},"excerpt":{"rendered":"<p>Willkommen in unserem Blog rund um das Thema Laminat, Vinylboden, Korkboden und Zubeh\u00f6r. Interessante Neuigkeiten sowie Tipps und Tricks werden in K\u00fcrze diesen Blog f\u00fcllen. \u00dcber eine rege Beteiligung Ihrerseits w\u00fcrden wir uns sehr freuen. Viele Gr\u00fc\u00dfe Lars Bachmann<\/p>\n","protected":false},"author":2,"featured_media":0,"comment_status":"open","ping_status":"open","sticky":false,"template":"","format":"standard","meta":{"footnotes":""},"categories":[1],"tags":[],"class_list":["post-1","post","type-post","status-publish","format-standard","hentry","category-allgemein"],"yoast_head":"<!-- This site is optimized with the Yoast SEO plugin v25.7 - https:\/\/yoast.com\/wordpress\/plugins\/seo\/ -->\n<title>Herzlich Willkommen im Laminat-Fachmarkt Blog<\/title>\n<meta name=\"description\" content=\"Willkommen in unserem Blog rund um das Thema Laminat und Zubeh\u00f6r. Neuigkeiten sowie Tipps und Tricks werden in K\u00fcrze diesen Blog f\u00fcllen.\" \/>\n<meta name=\"robots\" content=\"index, follow, max-snippet:-1, max-image-preview:large, max-video-preview:-1\" \/>\n<link rel=\"canonical\" href=\"https:\/\/www.laminat-fachmarkt.com\/blog\/2011\/10\/laminat-fachmarkt-blog\/\" \/>\n<meta name=\"twitter:label1\" content=\"Verfasst von\" \/>\n\t<meta name=\"twitter:data1\" content=\"laminat-fachmarkt\" \/>\n<script type=\"application\/ld+json\" class=\"yoast-schema-graph\">{\"@context\":\"https:\/\/schema.org\",\"@graph\":[{\"@type\":\"Article\",\"@id\":\"https:\/\/www.laminat-fachmarkt.com\/blog\/2011\/10\/laminat-fachmarkt-blog\/#article\",\"isPartOf\":{\"@id\":\"https:\/\/www.laminat-fachmarkt.com\/blog\/2011\/10\/laminat-fachmarkt-blog\/\"},\"author\":{\"name\":\"laminat-fachmarkt\",\"@id\":\"https:\/\/www.laminat-fachmarkt.com\/blog\/#\/schema\/person\/1f31156d1eaff6d24d0c9b774b62c70c\"},\"headline\":\"Herzlich Willkommen\",\"datePublished\":\"2011-10-25T21:16:42+00:00\",\"dateModified\":\"2017-11-25T09:36:50+00:00\",\"mainEntityOfPage\":{\"@id\":\"https:\/\/www.laminat-fachmarkt.com\/blog\/2011\/10\/laminat-fachmarkt-blog\/\"},\"wordCount\":46,\"commentCount\":0,\"publisher\":{\"@id\":\"https:\/\/www.laminat-fachmarkt.com\/blog\/#organization\"},\"inLanguage\":\"de\",\"potentialAction\":[{\"@type\":\"CommentAction\",\"name\":\"Comment\",\"target\":[\"https:\/\/www.laminat-fachmarkt.com\/blog\/2011\/10\/laminat-fachmarkt-blog\/#respond\"]}]},{\"@type\":\"WebPage\",\"@id\":\"https:\/\/www.laminat-fachmarkt.com\/blog\/2011\/10\/laminat-fachmarkt-blog\/\",\"url\":\"https:\/\/www.laminat-fachmarkt.com\/blog\/2011\/10\/laminat-fachmarkt-blog\/\",\"name\":\"Herzlich Willkommen im Laminat-Fachmarkt Blog\",\"isPartOf\":{\"@id\":\"https:\/\/www.laminat-fachmarkt.com\/blog\/#website\"},\"datePublished\":\"2011-10-25T21:16:42+00:00\",\"dateModified\":\"2017-11-25T09:36:50+00:00\",\"description\":\"Willkommen in unserem Blog rund um das Thema Laminat und Zubeh\u00f6r. Neuigkeiten sowie Tipps und Tricks werden in K\u00fcrze diesen Blog f\u00fcllen.\",\"breadcrumb\":{\"@id\":\"https:\/\/www.laminat-fachmarkt.com\/blog\/2011\/10\/laminat-fachmarkt-blog\/#breadcrumb\"},\"inLanguage\":\"de\",\"potentialAction\":[{\"@type\":\"ReadAction\",\"target\":[\"https:\/\/www.laminat-fachmarkt.com\/blog\/2011\/10\/laminat-fachmarkt-blog\/\"]}]},{\"@type\":\"BreadcrumbList\",\"@id\":\"https:\/\/www.laminat-fachmarkt.com\/blog\/2011\/10\/laminat-fachmarkt-blog\/#breadcrumb\",\"itemListElement\":[{\"@type\":\"ListItem\",\"position\":1,\"name\":\"Startseite\",\"item\":\"https:\/\/www.laminat-fachmarkt.com\/blog\/\"},{\"@type\":\"ListItem\",\"position\":2,\"name\":\"Herzlich Willkommen\"}]},{\"@type\":\"WebSite\",\"@id\":\"https:\/\/www.laminat-fachmarkt.com\/blog\/#website\",\"url\":\"https:\/\/www.laminat-fachmarkt.com\/blog\/\",\"name\":\"Der Blog rund um Boden und Renovierung\",\"description\":\"von Laminat-Fachmarkt.com\",\"publisher\":{\"@id\":\"https:\/\/www.laminat-fachmarkt.com\/blog\/#organization\"},\"potentialAction\":[{\"@type\":\"SearchAction\",\"target\":{\"@type\":\"EntryPoint\",\"urlTemplate\":\"https:\/\/www.laminat-fachmarkt.com\/blog\/?s={search_term_string}\"},\"query-input\":{\"@type\":\"PropertyValueSpecification\",\"valueRequired\":true,\"valueName\":\"search_term_string\"}}],\"inLanguage\":\"de\"},{\"@type\":\"Organization\",\"@id\":\"https:\/\/www.laminat-fachmarkt.com\/blog\/#organization\",\"name\":\"Laminat-Fachmarkt\",\"url\":\"https:\/\/www.laminat-fachmarkt.com\/blog\/\",\"logo\":{\"@type\":\"ImageObject\",\"inLanguage\":\"de\",\"@id\":\"https:\/\/www.laminat-fachmarkt.com\/blog\/#\/schema\/logo\/image\/\",\"url\":\"https:\/\/www.laminat-fachmarkt.com\/blog\/wp-content\/uploads\/2013\/09\/cropped-Logo_Laminat-Fachmarkt1.jpg\",\"contentUrl\":\"https:\/\/www.laminat-fachmarkt.com\/blog\/wp-content\/uploads\/2013\/09\/cropped-Logo_Laminat-Fachmarkt1.jpg\",\"width\":940,\"height\":192,\"caption\":\"Laminat-Fachmarkt\"},\"image\":{\"@id\":\"https:\/\/www.laminat-fachmarkt.com\/blog\/#\/schema\/logo\/image\/\"},\"sameAs\":[\"https:\/\/www.facebook.com\/Laminat-Fachmarkt-272116766287950\"]},{\"@type\":\"Person\",\"@id\":\"https:\/\/www.laminat-fachmarkt.com\/blog\/#\/schema\/person\/1f31156d1eaff6d24d0c9b774b62c70c\",\"name\":\"laminat-fachmarkt\",\"image\":{\"@type\":\"ImageObject\",\"inLanguage\":\"de\",\"@id\":\"https:\/\/www.laminat-fachmarkt.com\/blog\/#\/schema\/person\/image\/\",\"url\":\"https:\/\/secure.gravatar.com\/avatar\/4fee919ef46091cd3da919f9591dbffd60ebd46f3a47c90b0d64a6d0357de52e?s=96&d=mm&r=g\",\"contentUrl\":\"https:\/\/secure.gravatar.com\/avatar\/4fee919ef46091cd3da919f9591dbffd60ebd46f3a47c90b0d64a6d0357de52e?s=96&d=mm&r=g\",\"caption\":\"laminat-fachmarkt\"},\"sameAs\":[\"https:\/\/x.com\/derlaminatprofi\"]}]}<\/script>\n<!-- \/ Yoast SEO plugin. -->","yoast_head_json":{"title":"Herzlich Willkommen im Laminat-Fachmarkt Blog","description":"Willkommen in unserem Blog rund um das Thema Laminat und Zubeh\u00f6r. Neuigkeiten sowie Tipps und Tricks werden in K\u00fcrze diesen Blog f\u00fcllen.","robots":{"index":"index","follow":"follow","max-snippet":"max-snippet:-1","max-image-preview":"max-image-preview:large","max-video-preview":"max-video-preview:-1"},"canonical":"https:\/\/www.laminat-fachmarkt.com\/blog\/2011\/10\/laminat-fachmarkt-blog\/","twitter_misc":{"Verfasst von":"laminat-fachmarkt"},"schema":{"@context":"https:\/\/schema.org","@graph":[{"@type":"Article","@id":"https:\/\/www.laminat-fachmarkt.com\/blog\/2011\/10\/laminat-fachmarkt-blog\/#article","isPartOf":{"@id":"https:\/\/www.laminat-fachmarkt.com\/blog\/2011\/10\/laminat-fachmarkt-blog\/"},"author":{"name":"laminat-fachmarkt","@id":"https:\/\/www.laminat-fachmarkt.com\/blog\/#\/schema\/person\/1f31156d1eaff6d24d0c9b774b62c70c"},"headline":"Herzlich Willkommen","datePublished":"2011-10-25T21:16:42+00:00","dateModified":"2017-11-25T09:36:50+00:00","mainEntityOfPage":{"@id":"https:\/\/www.laminat-fachmarkt.com\/blog\/2011\/10\/laminat-fachmarkt-blog\/"},"wordCount":46,"commentCount":0,"publisher":{"@id":"https:\/\/www.laminat-fachmarkt.com\/blog\/#organization"},"inLanguage":"de","potentialAction":[{"@type":"CommentAction","name":"Comment","target":["https:\/\/www.laminat-fachmarkt.com\/blog\/2011\/10\/laminat-fachmarkt-blog\/#respond"]}]},{"@type":"WebPage","@id":"https:\/\/www.laminat-fachmarkt.com\/blog\/2011\/10\/laminat-fachmarkt-blog\/","url":"https:\/\/www.laminat-fachmarkt.com\/blog\/2011\/10\/laminat-fachmarkt-blog\/","name":"Herzlich Willkommen im Laminat-Fachmarkt Blog","isPartOf":{"@id":"https:\/\/www.laminat-fachmarkt.com\/blog\/#website"},"datePublished":"2011-10-25T21:16:42+00:00","dateModified":"2017-11-25T09:36:50+00:00","description":"Willkommen in unserem Blog rund um das Thema Laminat und Zubeh\u00f6r. Neuigkeiten sowie Tipps und Tricks werden in K\u00fcrze diesen Blog f\u00fcllen.","breadcrumb":{"@id":"https:\/\/www.laminat-fachmarkt.com\/blog\/2011\/10\/laminat-fachmarkt-blog\/#breadcrumb"},"inLanguage":"de","potentialAction":[{"@type":"ReadAction","target":["https:\/\/www.laminat-fachmarkt.com\/blog\/2011\/10\/laminat-fachmarkt-blog\/"]}]},{"@type":"BreadcrumbList","@id":"https:\/\/www.laminat-fachmarkt.com\/blog\/2011\/10\/laminat-fachmarkt-blog\/#breadcrumb","itemListElement":[{"@type":"ListItem","position":1,"name":"Startseite","item":"https:\/\/www.laminat-fachmarkt.com\/blog\/"},{"@type":"ListItem","position":2,"name":"Herzlich Willkommen"}]},{"@type":"WebSite","@id":"https:\/\/www.laminat-fachmarkt.com\/blog\/#website","url":"https:\/\/www.laminat-fachmarkt.com\/blog\/","name":"Der Blog rund um Boden und Renovierung","description":"von Laminat-Fachmarkt.com","publisher":{"@id":"https:\/\/www.laminat-fachmarkt.com\/blog\/#organization"},"potentialAction":[{"@type":"SearchAction","target":{"@type":"EntryPoint","urlTemplate":"https:\/\/www.laminat-fachmarkt.com\/blog\/?s={search_term_string}"},"query-input":{"@type":"PropertyValueSpecification","valueRequired":true,"valueName":"search_term_string"}}],"inLanguage":"de"},{"@type":"Organization","@id":"https:\/\/www.laminat-fachmarkt.com\/blog\/#organization","name":"Laminat-Fachmarkt","url":"https:\/\/www.laminat-fachmarkt.com\/blog\/","logo":{"@type":"ImageObject","inLanguage":"de","@id":"https:\/\/www.laminat-fachmarkt.com\/blog\/#\/schema\/logo\/image\/","url":"https:\/\/www.laminat-fachmarkt.com\/blog\/wp-content\/uploads\/2013\/09\/cropped-Logo_Laminat-Fachmarkt1.jpg","contentUrl":"https:\/\/www.laminat-fachmarkt.com\/blog\/wp-content\/uploads\/2013\/09\/cropped-Logo_Laminat-Fachmarkt1.jpg","width":940,"height":192,"caption":"Laminat-Fachmarkt"},"image":{"@id":"https:\/\/www.laminat-fachmarkt.com\/blog\/#\/schema\/logo\/image\/"},"sameAs":["https:\/\/www.facebook.com\/Laminat-Fachmarkt-272116766287950"]},{"@type":"Person","@id":"https:\/\/www.laminat-fachmarkt.com\/blog\/#\/schema\/person\/1f31156d1eaff6d24d0c9b774b62c70c","name":"laminat-fachmarkt","image":{"@type":"ImageObject","inLanguage":"de","@id":"https:\/\/www.laminat-fachmarkt.com\/blog\/#\/schema\/person\/image\/","url":"https:\/\/secure.gravatar.com\/avatar\/4fee919ef46091cd3da919f9591dbffd60ebd46f3a47c90b0d64a6d0357de52e?s=96&d=mm&r=g","contentUrl":"https:\/\/secure.gravatar.com\/avatar\/4fee919ef46091cd3da919f9591dbffd60ebd46f3a47c90b0d64a6d0357de52e?s=96&d=mm&r=g","caption":"laminat-fachmarkt"},"sameAs":["https:\/\/x.com\/derlaminatprofi"]}]}},"_links":{"self":[{"href":"https:\/\/www.laminat-fachmarkt.com\/blog\/wp-json\/wp\/v2\/posts\/1","targetHints":{"allow":["GET"]}}],"collection":[{"href":"https:\/\/www.laminat-fachmarkt.com\/blog\/wp-json\/wp\/v2\/posts"}],"about":[{"href":"https:\/\/www.laminat-fachmarkt.com\/blog\/wp-json\/wp\/v2\/types\/post"}],"author":[{"embeddable":true,"href":"https:\/\/www.laminat-fachmarkt.com\/blog\/wp-json\/wp\/v2\/users\/2"}],"replies":[{"embeddable":true,"href":"https:\/\/www.laminat-fachmarkt.com\/blog\/wp-json\/wp\/v2\/comments?post=1"}],"version-history":[{"count":6,"href":"https:\/\/www.laminat-fachmarkt.com\/blog\/wp-json\/wp\/v2\/posts\/1\/revisions"}],"predecessor-version":[{"id":228,"href":"https:\/\/www.laminat-fachmarkt.com\/blog\/wp-json\/wp\/v2\/posts\/1\/revisions\/228"}],"wp:attachment":[{"href":"https:\/\/www.laminat-fachmarkt.com\/blog\/wp-json\/wp\/v2\/media?parent=1"}],"wp:term":[{"taxonomy":"category","embeddable":true,"href":"https:\/\/www.laminat-fachmarkt.com\/blog\/wp-json\/wp\/v2\/categories?post=1"},{"taxonomy":"post_tag","embeddable":true,"href":"https:\/\/www.laminat-fachmarkt.com\/blog\/wp-json\/wp\/v2\/tags?post=1"}],"curies":[{"name":"wp","href":"https:\/\/api.w.org\/{rel}","templated":true}]}}